{"id":266,"date":"2023-06-01T09:06:59","date_gmt":"2023-06-01T06:06:59","guid":{"rendered":"https:\/\/pmioveni.ro\/?p=266"},"modified":"2023-06-01T09:06:59","modified_gmt":"2023-06-01T06:06:59","slug":"activitatea-in-penitenciarul-mioveni-se-blocheaza","status":"publish","type":"post","link":"https:\/\/pmioveni.ro\/index.php\/2023\/06\/01\/activitatea-in-penitenciarul-mioveni-se-blocheaza\/","title":{"rendered":"Activitatea \u00een Penitenciarul Mioveni se blocheaz\u0103"},"content":{"rendered":"\n<p>Toate organiza\u021biile sindicale de la nivelul Penitenciarului Mioveni au format o alian\u021ba prin care activitatea institu\u021biei va produce un blocaj institu\u021bional.&nbsp;<\/p>\n\n\n\n<p>Poli\u021bi\u0219tii de penitenciare refuz\u0103 efectuarea orelor suplimentare \u00een Penitenciarul Mioveni \u00een data de 31.05.2023.<\/p>\n\n\n\n<p>\u00cen cadrul rela\u021biei comune prin care guvernan\u021bii trateaz\u0103 poli\u021bi\u0219tii de penitenciare, organiza\u021biile sindicale de la nivelul Penitenciarului Mioveni, \u00een baza refuzului individual de a efectua munc\u0103 suplimentar\u0103, ar urma s\u0103 produc un blocaj operativ.&nbsp;<\/p>\n\n\n\n<p>Ac\u021biunea din data de 31.05.2023, organizat\u0103 la nivelul Penitenciarului Mioveni, reprezint\u0103 un prim avertisment pentru guvernan\u021bi, iar sistarea activit\u0103\u021bilor este dovad\u0103 c\u0103 poli\u021bi\u0219tii de penitenciare sunt determina\u021bi.&nbsp;<\/p>\n\n\n\n<p>Activitatea organizat\u0103 la nivelul Penitenciarului Mioveni nu va putea fi ignorat\u0103, iar ac\u021biunea legal\u0103 poate conduce la blocaje de p\u00e2n\u0103 la 4 zile.&nbsp;<\/p>\n\n\n\n<p>Solicit\u0103rile poli\u021bi\u0219tilor de penitenciare sunt urm\u0103toarele:<\/p>\n\n\n\n<p>1.&nbsp;&nbsp;&nbsp;&nbsp;Acordarea Salariilor prev\u0103zute \u00een Legea nr. 153\/2017;<\/p>\n\n\n\n<p>2.&nbsp;&nbsp;&nbsp;Aplicarea Legii pensiilor militare (f\u0103r\u0103 modific\u0103ri);<\/p>\n\n\n\n<p>3.&nbsp;&nbsp;&nbsp;Actualizarea \u0219i indexarea pensiilor militare;<\/p>\n\n\n\n<p>4.&nbsp;&nbsp;&nbsp;Plata normei de hran\u0103 la valoarea actualizat\u0103, f\u0103r\u0103 plafon\u0103ri;<\/p>\n\n\n\n<p>5.&nbsp;&nbsp;&nbsp;&nbsp;Plata normei de echipare la valoarea actualizat\u0103, f\u0103r\u0103 plafon\u0103ri;<\/p>\n\n\n\n<p>6.&nbsp;&nbsp;&nbsp;Plata salariului de grad la valoare actualizat\u0103, f\u0103r\u0103 plafon\u0103ri;<\/p>\n\n\n\n<p>7.&nbsp;&nbsp;&nbsp;&nbsp;Deblocarea posturilor vacante.<\/p>\n\n\n\n<p>Activitatea face parte dintr-o ac\u021biune desf\u0103\u0219urat\u0103 la nivel na\u021bional.&nbsp;<\/p>\n","protected":false},"excerpt":{"rendered":"<p>Toate organiza\u021biile sindicale de la nivelul Penitenciarului Mioveni au format o alian\u021ba prin care activitatea institu\u021biei va produce un blocaj institu\u021bional.&nbsp; Poli\u021bi\u0219tii de penitenciare refuz\u0103 efectuarea orelor suplimentare \u00een Penitenciarul Mioveni \u00een data de 31.05.2023. \u00cen cadrul rela\u021biei comune prin care guvernan\u021bii trateaz\u0103 poli\u021bi\u0219tii de penitenciare, organiza\u021biile sindicale de la nivelul Penitenciarului Mioveni, \u00een baza [&hellip;]<\/p>\n","protected":false},"author":1,"featured_media":267,"comment_status":"closed","ping_status":"closed","sticky":false,"template":"","format":"standard","meta":{"_jetpack_memberships_contains_paid_content":false,"footnotes":"","jetpack_publicize_message":"","jetpack_publicize_feature_enabled":true,"jetpack_social_post_already_shared":true,"jetpack_social_options":{"image_generator_settings":{"template":"highway","enabled":false},"version":2}},"categories":[1],"tags":[],"class_list":["post-266","post","type-post","status-publish","format-standard","has-post-thumbnail","hentry","category-penitenciare"],"jetpack_publicize_connections":[],"jetpack_featured_media_url":"https:\/\/pmioveni.ro\/wp-content\/uploads\/2023\/06\/penitenciar_mioveni.jpg","jetpack_sharing_enabled":true,"_links":{"self":[{"href":"https:\/\/pmioveni.ro\/index.php\/wp-json\/wp\/v2\/posts\/266","targetHints":{"allow":["GET"]}}],"collection":[{"href":"https:\/\/pmioveni.ro\/index.php\/wp-json\/wp\/v2\/posts"}],"about":[{"href":"https:\/\/pmioveni.ro\/index.php\/wp-json\/wp\/v2\/types\/post"}],"author":[{"embeddable":true,"href":"https:\/\/pmioveni.ro\/index.php\/wp-json\/wp\/v2\/users\/1"}],"replies":[{"embeddable":true,"href":"https:\/\/pmioveni.ro\/index.php\/wp-json\/wp\/v2\/comments?post=266"}],"version-history":[{"count":1,"href":"https:\/\/pmioveni.ro\/index.php\/wp-json\/wp\/v2\/posts\/266\/revisions"}],"predecessor-version":[{"id":268,"href":"https:\/\/pmioveni.ro\/index.php\/wp-json\/wp\/v2\/posts\/266\/revisions\/268"}],"wp:featuredmedia":[{"embeddable":true,"href":"https:\/\/pmioveni.ro\/index.php\/wp-json\/wp\/v2\/media\/267"}],"wp:attachment":[{"href":"https:\/\/pmioveni.ro\/index.php\/wp-json\/wp\/v2\/media?parent=266"}],"wp:term":[{"taxonomy":"category","embeddable":true,"href":"https:\/\/pmioveni.ro\/index.php\/wp-json\/wp\/v2\/categories?post=266"},{"taxonomy":"post_tag","embeddable":true,"href":"https:\/\/pmioveni.ro\/index.php\/wp-json\/wp\/v2\/tags?post=266"}],"curies":[{"name":"wp","href":"https:\/\/api.w.org\/{rel}","templated":true}]}}