{"id":269,"date":"2023-06-01T09:08:39","date_gmt":"2023-06-01T06:08:39","guid":{"rendered":"https:\/\/pmioveni.ro\/?p=269"},"modified":"2023-06-01T09:08:39","modified_gmt":"2023-06-01T06:08:39","slug":"efectele-blocajului-din-penitenciarul-mioveni-convocare-urgenta-solicitata-de-ministrul-justitiei","status":"publish","type":"post","link":"https:\/\/pmioveni.ro\/index.php\/2023\/06\/01\/efectele-blocajului-din-penitenciarul-mioveni-convocare-urgenta-solicitata-de-ministrul-justitiei\/","title":{"rendered":"Efectele blocajului din Penitenciarul Mioveni \u2013 Convocare urgent\u0103 solicitat\u0103 de Ministrul Justi\u021biei."},"content":{"rendered":"\n<p><em>\u00cen diminea\u021ba zilei de 31.05.2023, Penitenciarul Mioveni a fost blocat complet.&nbsp;<\/em><\/p>\n\n\n\n<p><em>To\u021bi poli\u021bi\u0219tii operativi de penitenciare au refuzat s\u0103 intre \u00een serviciu.&nbsp;<\/em><\/p>\n\n\n\n<p><em>Sub coordonarea sindicatului Alian\u021ba Mioveni \u0219i sindicatului Dreptatea 2010, afiliate Federa\u021biei Poli\u021bi\u0219tilor de Penitenciare, absolut to\u021bi angaja\u021bii planifica\u021bi \u00een serviciu au refuzat s\u0103 desf\u0103\u0219oare activitatea \u00een care erau numi\u021bi.&nbsp;<\/em><\/p>\n\n\n\n<p><em>Efectele au fost dezastruoase, iar implica\u021biile au condus la \u00eent\u00e2rzieri \u00een prezentarea persoanelor private de libertate la instan\u021bele de judecat\u0103, punctele de lucru exterioare \u0219i interioare ale penitenciarului au fost oprite complet, activitatea de plimbare a persoanelor private de libertate a fost complet afectat\u0103, vizitele persoanelor private de libertate nu au fost acordate, nu au putut fi realizate program\u0103ri ale apar\u021bin\u0103torilor \u0219i nicio alt\u0103 activitate operativ\u0103 nu s-a mai putut realiza.&nbsp;<\/em><\/p>\n\n\n\n<p><em>Pentru c\u0103 vocile au fost auzite p\u00e2n\u0103 la nivelul Ministerului Justi\u021biei, domnul C\u0103t\u0103lin Predoiu a reac\u021bionat \u0219i a convocat urgent o \u0219edin\u021b\u0103 cu liderii, unde, dup\u0103 lungi discu\u021bii, au fost stabilite urm\u0103toarele obiective ministeriale:<\/em><em><\/em><\/p>\n\n\n\n<p><em>&#8211; acordarea salariilor prev\u0103zute \u00een Legea nr. 153\/2017, la fel ca la MAI;<\/em><em><\/em><\/p>\n\n\n\n<p><em>&#8211; aplicarea Legii pensiilor militare (f\u0103r\u0103 modific\u0103ri);<\/em><\/p>\n\n\n\n<p><em>&#8211; m<\/em><em>odificarea structurii de personal pentru 20.000 de angaja\u021bi in sistem, etapizat;<\/em><\/p>\n\n\n\n<p><em>&#8211; reprezentarea pentru noua lege a salariz\u0103rii;<\/em><\/p>\n\n\n\n<p><em>\u00cen \u00eencheierea \u0219edin\u021bei, ministrul justi\u021biei a mul\u021bumit tuturor pentru modul onest \u00een care s-a organizat activitatea de ast\u0103zi, ar\u0103t\u00e2ndu-se con\u0219tient de blocajul general complet ce se poate produce \u00een sistemul penitenciar, \u00een condi\u021bii legale.&nbsp;<\/em><\/p>\n\n\n\n<p><em>Pentru moment, activitatea \u00een cadrul Penitenciarului Mioveni s-a deblocat.&nbsp;<\/em><\/p>\n","protected":false},"excerpt":{"rendered":"<p>\u00cen diminea\u021ba zilei de 31.05.2023, Penitenciarul Mioveni a fost blocat complet.&nbsp; To\u021bi poli\u021bi\u0219tii operativi de penitenciare au refuzat s\u0103 intre \u00een serviciu.&nbsp; Sub coordonarea sindicatului Alian\u021ba Mioveni \u0219i sindicatului Dreptatea 2010, afiliate Federa\u021biei Poli\u021bi\u0219tilor de Penitenciare, absolut to\u021bi angaja\u021bii planifica\u021bi \u00een serviciu au refuzat s\u0103 desf\u0103\u0219oare activitatea \u00een care erau numi\u021bi.&nbsp; Efectele au fost dezastruoase, [&hellip;]<\/p>\n","protected":false},"author":1,"featured_media":270,"comment_status":"closed","ping_status":"closed","sticky":false,"template":"","format":"standard","meta":{"_jetpack_memberships_contains_paid_content":false,"footnotes":"","jetpack_publicize_message":"","jetpack_publicize_feature_enabled":true,"jetpack_social_post_already_shared":true,"jetpack_social_options":{"image_generator_settings":{"template":"highway","enabled":false},"version":2}},"categories":[1],"tags":[],"class_list":["post-269","post","type-post","status-publish","format-standard","has-post-thumbnail","hentry","category-penitenciare"],"jetpack_publicize_connections":[],"jetpack_featured_media_url":"https:\/\/pmioveni.ro\/wp-content\/uploads\/2023\/06\/IMG_5734-scaled.jpeg","jetpack_sharing_enabled":true,"_links":{"self":[{"href":"https:\/\/pmioveni.ro\/index.php\/wp-json\/wp\/v2\/posts\/269","targetHints":{"allow":["GET"]}}],"collection":[{"href":"https:\/\/pmioveni.ro\/index.php\/wp-json\/wp\/v2\/posts"}],"about":[{"href":"https:\/\/pmioveni.ro\/index.php\/wp-json\/wp\/v2\/types\/post"}],"author":[{"embeddable":true,"href":"https:\/\/pmioveni.ro\/index.php\/wp-json\/wp\/v2\/users\/1"}],"replies":[{"embeddable":true,"href":"https:\/\/pmioveni.ro\/index.php\/wp-json\/wp\/v2\/comments?post=269"}],"version-history":[{"count":1,"href":"https:\/\/pmioveni.ro\/index.php\/wp-json\/wp\/v2\/posts\/269\/revisions"}],"predecessor-version":[{"id":271,"href":"https:\/\/pmioveni.ro\/index.php\/wp-json\/wp\/v2\/posts\/269\/revisions\/271"}],"wp:featuredmedia":[{"embeddable":true,"href":"https:\/\/pmioveni.ro\/index.php\/wp-json\/wp\/v2\/media\/270"}],"wp:attachment":[{"href":"https:\/\/pmioveni.ro\/index.php\/wp-json\/wp\/v2\/media?parent=269"}],"wp:term":[{"taxonomy":"category","embeddable":true,"href":"https:\/\/pmioveni.ro\/index.php\/wp-json\/wp\/v2\/categories?post=269"},{"taxonomy":"post_tag","embeddable":true,"href":"https:\/\/pmioveni.ro\/index.php\/wp-json\/wp\/v2\/tags?post=269"}],"curies":[{"name":"wp","href":"https:\/\/api.w.org\/{rel}","templated":true}]}}