{"id":331,"date":"2023-06-26T11:19:04","date_gmt":"2023-06-26T08:19:04","guid":{"rendered":"https:\/\/pmioveni.ro\/?p=331"},"modified":"2023-06-26T16:14:22","modified_gmt":"2023-06-26T13:14:22","slug":"abordarea-gresita-a-mutarii-politistilor-de-penitenciare","status":"publish","type":"post","link":"https:\/\/pmioveni.ro\/index.php\/2023\/06\/26\/abordarea-gresita-a-mutarii-politistilor-de-penitenciare\/","title":{"rendered":"Abordarea gre\u0219it\u0103 a mut\u0103rii poli\u021bi\u0219tilor de penitenciare"},"content":{"rendered":"\n<p class=\"has-black-color has-text-color\"><em>Mutarea poli\u021bi\u0219tilor de penitenciare a cunoscut o abordare gre\u0219it\u0103 la nivelul factorului decizional competent.<\/em><\/p>\n\n\n\n<p class=\"has-black-color has-text-color\"><em>De la o chestiune simplist\u0103 \u0219i criticabil\u0103, \u00eencep\u00e2nd cu anul 2020, sistemul a cunoscut o normare legislativ\u0103 a detaliilor privind mutarea. \u00cen principal, mutarea s-a \u00eemp\u0103r\u021bit \u00een dou\u0103 capitole relevante: <strong>mutarea la cerere sau mutarea \u00een interes de serviciu.<\/strong><\/em><\/p>\n\n\n\n<p class=\"has-black-color has-text-color\"><em>Ambele r\u0103m\u00e2n definite legislativ ca manifest\u0103ri de voin\u021b\u0103 ale solicitantului, fiind diferen\u021biate de parcursul cererii \u0219i modalit\u0103\u021bile de solu\u021bionare.<\/em><\/p>\n\n\n\n<p class=\"has-black-color has-text-color\"><em>Procedura \u00eemparte poli\u021bi\u0219tii de penitenciare \u00eentre oportunitate \u0219i necesitate, dar realitatea \u00eei \u00eemparte <u>\u00eentre cei care respect\u0103 regulile \u0219i cei care \u00eencearc\u0103 s\u0103 le ocoleasc\u0103.<\/u><\/em><\/p>\n\n\n\n<p class=\"has-black-color has-text-color\"><em>Am mai discutat despre problema resurselor umane \u0219i despre persoana care are controlul \u0219i am \u00eencercat s\u0103 \u00een\u021belegem anumite nevoi \u0219i oportunit\u0103\u021bi care au determinat pe unii s\u0103 \u00eencalce regulile normale.<\/em><\/p>\n\n\n\n<p class=\"has-black-color has-text-color\"><em>Am observat modul \u00een care unii au evitat necesitatea \u0219i au folosit procedurile pentru a ob\u021bine avantajele oportunit\u0103\u021bii.<\/em><\/p>\n\n\n\n<p class=\"has-black-color has-text-color\"><em>Nu trebuie s\u0103 crede\u021bi c\u0103 to\u021bi procedeaz\u0103 \u00een mod corect sau c\u0103 unii abuzeaz\u0103 de procedurile pentru a-\u0219i satisface propriul interes.<\/em><\/p>\n\n\n\n<p class=\"has-black-color has-text-color\"><em>Exist\u0103 \u0219i persoane care \u00eencearc\u0103 s\u0103 ob\u021bin\u0103 mutarea \u00een mod normal, dar este destul de evident c\u0103 se face \u0219i \u00een mod necinstit.<\/em><\/p>\n\n\n\n<p class=\"has-black-color has-text-color\"><em>\u00centruc\u00e2t aspectul legalit\u0103\u021bii este emis de institu\u021bia care le face, este u\u0219or s\u0103 te la\u0219i \u00een\u0219elat de aparen\u021ba corectitudinii.<\/em><\/p>\n\n\n\n<p class=\"has-black-color has-text-color\"><em>Pentru cei care a\u0219teapt\u0103 s\u0103 fie transfera\u021bi de la o unitate la alta, este cel mai dificil. A\u0219 putea spune c\u0103 este aproape imposibil sau c\u0103 trebuie s\u0103 ai un mare noroc s\u0103 reu\u0219e\u0219ti.<\/em><\/p>\n\n\n\n<p class=\"has-black-color has-text-color\"><em>Astfel, ceea ce ini\u021bial era o manifestare a voin\u021bei solicitantului a devenit o manifestare a voin\u021bei conducerii.<\/em><\/p>\n\n\n\n<p class=\"has-black-color has-text-color\"><em>\u00cen procedura actual\u0103, factorul de conducere a stabilit un num\u0103r exact de plec\u0103ri de la fiecare unitate pentru cei care doresc transferul, impun\u00e2nd un num\u0103r fix, \u00een pretinsa legalitate, pentru care se poate acorda avizul preliminar.<\/em><\/p>\n\n\n\n<p class=\"has-black-color has-text-color\"><em>Nu \u0219tiu dac\u0103 \u00een\u021belege\u021bi exact, dar Administra\u021bia Na\u021bional\u0103 a Penitenciarelor a stabilit limite precise pentru num\u0103rul de persoane care pot fi transferate c\u0103tre o anumit\u0103 unitate \u0219i unele limite chiar \u0219i pentru plec\u0103ri.<\/em> <em>De exemplu, o unitate trebuie s\u0103 primeasc\u0103 doar 3 poli\u021bi\u0219ti de penitenciare \u0219i trebuie s\u0103 permit\u0103 plecarea a doar 2.<\/em><\/p>\n\n\n\n<p class=\"has-black-color has-text-color\"><em>Cu alte cuvinte, nu conteaz\u0103 manifestarea de voin\u021b\u0103, nu conteaz\u0103 c\u0103 sunt 5 cereri de transfer c\u0103tre o unitate \u0219i 5 cereri de plecare, iar procentul de personal r\u0103m\u00e2ne neschimbat. Conteaz\u0103 doar interesul institu\u021bional pretins, iar ideea de a promova valorile ocrotite \u0219i de a motiva personalul \u00eentr-un mod autentic pierde din importan\u021b\u0103 \u00een fa\u021ba acestui obiectiv.<\/em><\/p>\n\n\n\n<p class=\"has-black-color has-text-color\"><em>Informa\u021bia referitoare la calendarul desf\u0103\u0219ur\u0103rii nu ne-a mai fost comunicat\u0103, deoarece au fost emise adrese specifice pentru fiecare unitate \u00een parte, iar demersul general nu pare s\u0103 mai fie relevant.<\/em><\/p>\n\n\n\n<p class=\"has-black-color has-text-color\"><em>Pentru noi, au existat doar inform\u0103ri preliminare scurte \u00een cadrul \u0219edin\u021belor de conducere, iar adresele specifice unit\u0103\u021bii nu ne-au fost comunicate.<\/em><\/p>\n\n\n\n<p class=\"has-black-color has-text-color\"><em>\u00cen acest moment, nu avem cuno\u0219tin\u021b\u0103 despre etapele ce trebuie urmate sau despre existen\u021ba unui posibil calendar, care s\u0103 con\u021bin\u0103 termene de aprobare sau finalizare a procesului.<\/em><\/p>\n\n\n\n<p class=\"has-black-color has-text-color\"><em>\u0218tim c\u0103 au fost luate decizii impuse, \u0219tim c\u0103 primim tot mai pu\u021bine informa\u021bii relevante, \u0219tim c\u0103 unii au \u00eenv\u0103\u021bat s\u0103 ne evite f\u0103r\u0103 consecin\u021be, vedem, auzim, scriem \u0219i ne mir\u0103m, dar cel mai important, a\u0219tept\u0103m.<\/em><\/p>\n\n\n\n<p><\/p>\n","protected":false},"excerpt":{"rendered":"<p>Mutarea poli\u021bi\u0219tilor de penitenciare a cunoscut o abordare gre\u0219it\u0103 la nivelul factorului decizional competent. De la o chestiune simplist\u0103 \u0219i criticabil\u0103, \u00eencep\u00e2nd cu anul 2020, sistemul a cunoscut o normare legislativ\u0103 a detaliilor privind mutarea. \u00cen principal, mutarea s-a \u00eemp\u0103r\u021bit \u00een dou\u0103 capitole relevante: mutarea la cerere sau mutarea \u00een interes de serviciu. Ambele r\u0103m\u00e2n [&hellip;]<\/p>\n","protected":false},"author":1,"featured_media":332,"comment_status":"open","ping_status":"open","sticky":false,"template":"","format":"standard","meta":{"_jetpack_memberships_contains_paid_content":false,"footnotes":"","jetpack_publicize_message":"","jetpack_publicize_feature_enabled":true,"jetpack_social_post_already_shared":true,"jetpack_social_options":{"image_generator_settings":{"template":"highway","enabled":false},"version":2}},"categories":[1],"tags":[],"class_list":["post-331","post","type-post","status-publish","format-standard","has-post-thumbnail","hentry","category-penitenciare"],"jetpack_publicize_connections":[],"jetpack_featured_media_url":"https:\/\/pmioveni.ro\/wp-content\/uploads\/2023\/06\/Poza-1.jpg","jetpack_sharing_enabled":true,"_links":{"self":[{"href":"https:\/\/pmioveni.ro\/index.php\/wp-json\/wp\/v2\/posts\/331","targetHints":{"allow":["GET"]}}],"collection":[{"href":"https:\/\/pmioveni.ro\/index.php\/wp-json\/wp\/v2\/posts"}],"about":[{"href":"https:\/\/pmioveni.ro\/index.php\/wp-json\/wp\/v2\/types\/post"}],"author":[{"embeddable":true,"href":"https:\/\/pmioveni.ro\/index.php\/wp-json\/wp\/v2\/users\/1"}],"replies":[{"embeddable":true,"href":"https:\/\/pmioveni.ro\/index.php\/wp-json\/wp\/v2\/comments?post=331"}],"version-history":[{"count":2,"href":"https:\/\/pmioveni.ro\/index.php\/wp-json\/wp\/v2\/posts\/331\/revisions"}],"predecessor-version":[{"id":334,"href":"https:\/\/pmioveni.ro\/index.php\/wp-json\/wp\/v2\/posts\/331\/revisions\/334"}],"wp:featuredmedia":[{"embeddable":true,"href":"https:\/\/pmioveni.ro\/index.php\/wp-json\/wp\/v2\/media\/332"}],"wp:attachment":[{"href":"https:\/\/pmioveni.ro\/index.php\/wp-json\/wp\/v2\/media?parent=331"}],"wp:term":[{"taxonomy":"category","embeddable":true,"href":"https:\/\/pmioveni.ro\/index.php\/wp-json\/wp\/v2\/categories?post=331"},{"taxonomy":"post_tag","embeddable":true,"href":"https:\/\/pmioveni.ro\/index.php\/wp-json\/wp\/v2\/tags?post=331"}],"curies":[{"name":"wp","href":"https:\/\/api.w.org\/{rel}","templated":true}]}}