{"id":336,"date":"2023-06-27T15:56:21","date_gmt":"2023-06-27T12:56:21","guid":{"rendered":"https:\/\/pmioveni.ro\/?p=336"},"modified":"2023-06-29T14:21:14","modified_gmt":"2023-06-29T11:21:14","slug":"omagierea-meritului-in-sistemul-penitenciar-romanesc-29-iunie-2023","status":"publish","type":"post","link":"https:\/\/pmioveni.ro\/index.php\/2023\/06\/27\/omagierea-meritului-in-sistemul-penitenciar-romanesc-29-iunie-2023\/","title":{"rendered":"Omagierea meritului \u00een sistemul penitenciar rom\u00e2nesc &#8211; 29 iunie 2023"},"content":{"rendered":"\n<p class=\"has-black-color has-text-color\"><em>Ziua lucr\u0103torilor din penitenciare a dob\u00e2ndit o semnifica\u021bie profund\u0103 prin statutul func\u021bionarului public din sistemul administra\u021biei penitenciare \u0219i a fost apoi p\u0103strat\u0103 \u00een forma sa \u00een noul statut special al Poli\u021bistului de Penitenciare.<\/em><\/p>\n\n\n\n<p class=\"has-black-color has-text-color\"><em>Dup\u0103 ce \u0219i-a conturat propria identitate, ziua lucr\u0103torului de penitenciare a devenit un obiectiv esen\u021bial de atins, subliniind importan\u021ba \u0219i contribu\u021bia noastr\u0103 \u00een mediul carceral.<\/em><\/p>\n\n\n\n<p class=\"has-black-color has-text-color\"><em>Odat\u0103 ce ziua a fost proclamat\u0103, s-a luat decizia de a o include \u00een acordul colectiv ca zi liber\u0103 pl\u0103tit\u0103, recunosc\u00e2nd astfel meritul \u0219i efortul poli\u021bi\u0219tilor de penitenciare.<\/em><\/p>\n\n\n\n<p class=\"has-black-color has-text-color\"><em>De-a lungul unei perioade considerabile de timp, de la introducerea sa \u00een normele specifice, conceptul de \u201dliber\u201d a fost dezb\u0103tut \u00een detaliu, at\u00e2t \u00een ceea ce prive\u0219te asigurarea timpului liber pentru programul diferen\u021biat, c\u00e2t \u0219i modalitatea de eviden\u021biere \u00een pontaj.<\/em><\/p>\n\n\n\n<p class=\"has-black-color has-text-color\"><em>Demult, ziua aceasta marca un moment festiv dedicat desemn\u0103rii celui mai bun lucr\u0103tor din sistemul penitenciar, omagiat pentru performan\u021bele sale remarcabile.<\/em><\/p>\n\n\n\n<p class=\"has-black-color has-text-color\"><em>Alegerea celui mai bun lucr\u0103tor se f\u0103cea prin intermediul unui vot deschis, implic\u00e2nd to\u021bi poli\u021bi\u0219tii de penitenciare, iar apoi se desf\u0103\u0219ura o selec\u021bie riguroas\u0103 la nivel superior, av\u00e2nd la baz\u0103 nominaliz\u0103rile primite din partea unit\u0103\u021bilor.<\/em><\/p>\n\n\n\n<p class=\"has-black-color has-text-color\"><em>Din cauza faptului c\u0103 p\u0103rerile oamenilor nu au mai fost relevante \u0219i pentru c\u0103 nu \u00eentotdeauna erau ale\u0219i \u201dadev\u0103ra\u021bii\u201d, jocul a fost reinventat.<\/em><\/p>\n\n\n\n<p class=\"has-black-color has-text-color\"><em>\u00cen era modern\u0103, f\u0103r\u0103 a lua \u00een considerare p\u0103rerea oamenilor \u0219i pentru a asigura o selec\u021bie bazat\u0103, au fost adaptate tehnici exclusive cunoscute doar de c\u0103tre conducere.<\/em><\/p>\n\n\n\n<p class=\"has-black-color has-text-color\"><em>Cu siguran\u021b\u0103 pute\u021bi anticipa deja ideea unei selec\u021bii atent realizate \u0219i ve\u021bi observa c\u0103 s-a stabilit ca nominalizarea s\u0103 fie efectuat\u0103 printr-o comisie de selec\u021bie format\u0103 exclusiv din angajatori.<\/em><\/p>\n\n\n\n<p class=\"has-black-color has-text-color\"><em>\u00cen fine, \u00eentr-un context mai amplu, organiza\u021biile sindicale vor fi martore ale momentului desemn\u0103rii celor 5 personalit\u0103\u021bi remarcabile ale anului, \u00een cadrul &#8222;Zilei Lucr\u0103torului din Penitenciar \u2013 29 iunie 2023&#8221;.<\/em><\/p>\n\n\n\n<p class=\"has-black-color has-text-color\"><em>Deoarece nu facem parte din comisie \u0219i nu suntem familiariza\u021bi cu criteriile de selec\u021bie, suntem aproape convin\u0219i c\u0103 doi dintre cei mai meritorii profesioni\u0219ti ai sistemului vor fi desemna\u021bi din Penitenciarul Arad \u0219i Penitenciarul Mioveni.<\/em><\/p>\n\n\n\n<p><\/p>\n","protected":false},"excerpt":{"rendered":"<p>Ziua lucr\u0103torilor din penitenciare a dob\u00e2ndit o semnifica\u021bie profund\u0103 prin statutul func\u021bionarului public din sistemul administra\u021biei penitenciare \u0219i a fost apoi p\u0103strat\u0103 \u00een forma sa \u00een noul statut special al Poli\u021bistului de Penitenciare. Dup\u0103 ce \u0219i-a conturat propria identitate, ziua lucr\u0103torului de penitenciare a devenit un obiectiv esen\u021bial de atins, subliniind importan\u021ba \u0219i contribu\u021bia noastr\u0103 [&hellip;]<\/p>\n","protected":false},"author":1,"featured_media":337,"comment_status":"open","ping_status":"open","sticky":false,"template":"","format":"standard","meta":{"_jetpack_memberships_contains_paid_content":false,"footnotes":"","jetpack_publicize_message":"","jetpack_publicize_feature_enabled":true,"jetpack_social_post_already_shared":true,"jetpack_social_options":{"image_generator_settings":{"template":"highway","enabled":false},"version":2}},"categories":[1],"tags":[],"class_list":["post-336","post","type-post","status-publish","format-standard","has-post-thumbnail","hentry","category-penitenciare"],"jetpack_publicize_connections":[],"jetpack_featured_media_url":"https:\/\/pmioveni.ro\/wp-content\/uploads\/2023\/06\/meritocracy-2880.jpg","jetpack_sharing_enabled":true,"_links":{"self":[{"href":"https:\/\/pmioveni.ro\/index.php\/wp-json\/wp\/v2\/posts\/336","targetHints":{"allow":["GET"]}}],"collection":[{"href":"https:\/\/pmioveni.ro\/index.php\/wp-json\/wp\/v2\/posts"}],"about":[{"href":"https:\/\/pmioveni.ro\/index.php\/wp-json\/wp\/v2\/types\/post"}],"author":[{"embeddable":true,"href":"https:\/\/pmioveni.ro\/index.php\/wp-json\/wp\/v2\/users\/1"}],"replies":[{"embeddable":true,"href":"https:\/\/pmioveni.ro\/index.php\/wp-json\/wp\/v2\/comments?post=336"}],"version-history":[{"count":3,"href":"https:\/\/pmioveni.ro\/index.php\/wp-json\/wp\/v2\/posts\/336\/revisions"}],"predecessor-version":[{"id":348,"href":"https:\/\/pmioveni.ro\/index.php\/wp-json\/wp\/v2\/posts\/336\/revisions\/348"}],"wp:featuredmedia":[{"embeddable":true,"href":"https:\/\/pmioveni.ro\/index.php\/wp-json\/wp\/v2\/media\/337"}],"wp:attachment":[{"href":"https:\/\/pmioveni.ro\/index.php\/wp-json\/wp\/v2\/media?parent=336"}],"wp:term":[{"taxonomy":"category","embeddable":true,"href":"https:\/\/pmioveni.ro\/index.php\/wp-json\/wp\/v2\/categories?post=336"},{"taxonomy":"post_tag","embeddable":true,"href":"https:\/\/pmioveni.ro\/index.php\/wp-json\/wp\/v2\/tags?post=336"}],"curies":[{"name":"wp","href":"https:\/\/api.w.org\/{rel}","templated":true}]}}