{"id":349,"date":"2023-06-29T14:34:46","date_gmt":"2023-06-29T11:34:46","guid":{"rendered":"https:\/\/pmioveni.ro\/?p=349"},"modified":"2023-06-29T14:47:57","modified_gmt":"2023-06-29T11:47:57","slug":"ministrul-justitiei-in-persoana-si-in-constitutie-ceremonia-oficiala-si-importanta-egalitatii","status":"publish","type":"post","link":"https:\/\/pmioveni.ro\/index.php\/2023\/06\/29\/ministrul-justitiei-in-persoana-si-in-constitutie-ceremonia-oficiala-si-importanta-egalitatii\/","title":{"rendered":"Ministrul Justi\u021biei, \u00een persoan\u0103 \u0219i \u00een Constitu\u021bie: Ceremonia oficial\u0103 \u0219i importan\u021ba egalit\u0103\u021bii"},"content":{"rendered":"\n<p class=\"has-black-color has-text-color\">Cu ocazia Zilei Poli\u021bistului de Penitenciare, a\u0219a cum am fost informa\u021bi anterior, ast\u0103zi a avut loc ceremonia de premiere a celor mai meritorii poli\u021bi\u0219ti.<\/p>\n\n\n\n<p class=\"has-black-color has-text-color\">\u00cen discu\u021biile din cadrul \u0219edin\u021bei am aflat c\u0103 propunerile au fost f\u0103cute <em>de c\u0103tre unit\u0103\u021bile penitenciare<\/em>, iar <em>comisia<\/em>, dup\u0103 ample dezbateri \u0219i deliber\u0103ri, a ajuns la o decizie final\u0103.<\/p>\n\n\n\n<p class=\"has-black-color has-text-color\">Comparativ cu deciziile factorilor de conducere, putem spune c\u0103 <em>Nostradamus este doar un juc\u0103tor insignifiant.<\/em><\/p>\n\n\n\n<p class=\"has-black-color has-text-color\">\u0218i, dup\u0103 cum am anticipat <a href=\"https:\/\/pmioveni.ro\/index.php\/2023\/06\/27\/omagierea-meritului-in-sistemul-penitenciar-romanesc-29-iunie-2023\/\">\u00eentr-un articol anterior<\/a>, prima diplom\u0103 a fost acordat\u0103 unui domn din Penitenciarul Arad, iar a doua a fost \u00eenm\u00e2nat\u0103 la Penitenciarul Mioveni.<\/p>\n\n\n\n<p class=\"has-black-color has-text-color\">Dup\u0103 \u00eenm\u00e2narea premiilor, s-a realizat o diagram\u0103 a sistemului, eviden\u021biind de\u021binu\u021bii \u0219i cadrele implicate. Apoi, a\u0219a cum se \u00eent\u00e2mpl\u0103 de obicei \u00een astfel de ceremonii, s-au adresat mul\u021bumiri \u0219i s-au rostit cuvinte pline de \u00een\u021beles.<\/p>\n\n\n\n<p class=\"has-black-color has-text-color\">Momentul mult a\u0219teptat al discursului doamnei Alina Gorghiu, Ministra Justi\u021biei, a fost captivant \u0219i plin de substan\u021b\u0103, cu o analiz\u0103 temeinic\u0103 \u0219i o deschidere c\u0103tre dialog.<\/p>\n\n\n\n<p class=\"has-black-color has-text-color\">La final, doamna Gorghiu<em><span style=\"text-decoration: underline;\"> a oferit<\/span><\/em> mul\u021bimii <em><span style=\"text-decoration: underline;\">exemplare ale Constitu\u021biei<\/span><\/em>, men\u021bion\u00e2nd c\u0103, pentru d\u00e2nsa, acest document reprezint\u0103 un <em>obiect indispensabil, purtat \u00eentotdeauna \u00een po\u0219et\u0103.<\/em><\/p>\n\n\n\n<p class=\"has-black-color has-text-color\">De asemenea, a reiterat angajamentul de a vizita fiecare penitenciar \u0219i, av\u00e2nd \u00een vedere proximitatea fa\u021b\u0103 de domiciliu,&nbsp;<em>a promis o aten\u021bie deosebit\u0103 Penitenciarului Mioveni.<\/em><\/p>\n\n\n\n<p class=\"has-black-color has-text-color\">\u00cen aceast\u0103 zi de bucurie \u0219i \u00een contextul s\u0103rb\u0103torii noastre, a\u0219 dori s\u0103 men\u021bionez c\u0103 ar fi oportun ca, \u00een viitor, s\u0103 se ofere sindicatelor posibilitatea de a eviden\u021bia \u0219i alte realiz\u0103ri ale colegilor no\u0219tri, mai ales \u00een ceea ce prive\u0219te alegerile referitoare la nominalizarea personalului meritoriu, \u00een cazul \u00een care sistemul de selec\u021bie nu permite o participare activ\u0103.<\/p>\n\n\n\n<p class=\"has-black-color has-text-color\">Cine \u0219tie?!?&nbsp;<\/p>\n\n\n\n<p class=\"has-black-color has-text-color\">Probabil c\u0103 sistemul a uitat s\u0103 ne invite la selec\u021bie, iar cel mai probabil a omis s\u0103 trimit\u0103 personal spre comisia de analiz\u0103 a poli\u021bi\u0219tilor meritorii, dar noi, membrii Sindicatului Alian\u021ba Mioveni, v\u0103 felicit\u0103m pe to\u021bi cei care sus\u021bine\u021bi cu m\u00e2ndrie steagul poli\u021biei penitenciare \u0219i \u00eencuraj\u0103m meritele oamenilor excep\u021bionali, printre care&nbsp;<strong><em>nu putem s\u0103 nu-l men\u021bion\u0103m pe campionul nostru, Felix Dr\u0103gu\u021b.<\/em><\/strong><\/p>\n\n\n\n<p class=\"has-black-color has-text-color\">V\u0103 dorim o zi de s\u0103rb\u0103toare minunat\u0103!<\/p>\n","protected":false},"excerpt":{"rendered":"<p>Cu ocazia Zilei Poli\u021bistului de Penitenciare, a\u0219a cum am fost informa\u021bi anterior, ast\u0103zi a avut loc ceremonia de premiere a celor mai meritorii poli\u021bi\u0219ti. \u00cen discu\u021biile din cadrul \u0219edin\u021bei am aflat c\u0103 propunerile au fost f\u0103cute de c\u0103tre unit\u0103\u021bile penitenciare, iar comisia, dup\u0103 ample dezbateri \u0219i deliber\u0103ri, a ajuns la o decizie final\u0103. Comparativ cu [&hellip;]<\/p>\n","protected":false},"author":1,"featured_media":350,"comment_status":"closed","ping_status":"closed","sticky":false,"template":"","format":"standard","meta":{"_jetpack_memberships_contains_paid_content":false,"footnotes":"","jetpack_publicize_message":"","jetpack_publicize_feature_enabled":true,"jetpack_social_post_already_shared":true,"jetpack_social_options":{"image_generator_settings":{"template":"highway","enabled":false},"version":2}},"categories":[1],"tags":[],"class_list":["post-349","post","type-post","status-publish","format-standard","has-post-thumbnail","hentry","category-penitenciare"],"jetpack_publicize_connections":[],"jetpack_featured_media_url":"https:\/\/pmioveni.ro\/wp-content\/uploads\/2023\/06\/61286773.jpg","jetpack_sharing_enabled":true,"_links":{"self":[{"href":"https:\/\/pmioveni.ro\/index.php\/wp-json\/wp\/v2\/posts\/349","targetHints":{"allow":["GET"]}}],"collection":[{"href":"https:\/\/pmioveni.ro\/index.php\/wp-json\/wp\/v2\/posts"}],"about":[{"href":"https:\/\/pmioveni.ro\/index.php\/wp-json\/wp\/v2\/types\/post"}],"author":[{"embeddable":true,"href":"https:\/\/pmioveni.ro\/index.php\/wp-json\/wp\/v2\/users\/1"}],"replies":[{"embeddable":true,"href":"https:\/\/pmioveni.ro\/index.php\/wp-json\/wp\/v2\/comments?post=349"}],"version-history":[{"count":9,"href":"https:\/\/pmioveni.ro\/index.php\/wp-json\/wp\/v2\/posts\/349\/revisions"}],"predecessor-version":[{"id":360,"href":"https:\/\/pmioveni.ro\/index.php\/wp-json\/wp\/v2\/posts\/349\/revisions\/360"}],"wp:featuredmedia":[{"embeddable":true,"href":"https:\/\/pmioveni.ro\/index.php\/wp-json\/wp\/v2\/media\/350"}],"wp:attachment":[{"href":"https:\/\/pmioveni.ro\/index.php\/wp-json\/wp\/v2\/media?parent=349"}],"wp:term":[{"taxonomy":"category","embeddable":true,"href":"https:\/\/pmioveni.ro\/index.php\/wp-json\/wp\/v2\/categories?post=349"},{"taxonomy":"post_tag","embeddable":true,"href":"https:\/\/pmioveni.ro\/index.php\/wp-json\/wp\/v2\/tags?post=349"}],"curies":[{"name":"wp","href":"https:\/\/api.w.org\/{rel}","templated":true}]}}