{"id":362,"date":"2023-06-30T11:13:09","date_gmt":"2023-06-30T08:13:09","guid":{"rendered":"https:\/\/pmioveni.ro\/?p=362"},"modified":"2023-06-30T11:16:48","modified_gmt":"2023-06-30T08:16:48","slug":"reforma-pensiilor-speciale-pl-x244","status":"publish","type":"post","link":"https:\/\/pmioveni.ro\/index.php\/2023\/06\/30\/reforma-pensiilor-speciale-pl-x244\/","title":{"rendered":"Reforma pensiilor speciale: Pl-x244"},"content":{"rendered":"\n<p class=\"has-black-color has-text-color has-medium-font-size\">Pl-x244 \u00eentr-un control de constitu\u021bionalitate a priori<\/p>\n\n\n\n<p class=\"has-black-color has-text-color\">F\u0103r\u0103 a \u021bine cont de evenimentele din ultimele \u0219ase luni, guvernul, prin procedur\u0103 de urgen\u021b\u0103, devine <a href=\"https:\/\/www.cdep.ro\/pls\/proiecte\/upl_pck2015.proiect?cam=2&amp;idp=20838\">ini\u021biatorul unui proiect de lege<\/a> pentru modificarea pensiilor de serviciu.<\/p>\n\n\n\n<p class=\"has-black-color has-text-color\">Prin actualul proiect de lege se \u00eencearc\u0103 instituirea unui cadru legislativ conform componentei C8\/R6: <a href=\"https:\/\/mfe.gov.ro\/pnrr\/\">Reforma sistemului de pensii &#8211; Jalonul 215<\/a>, care trebuia s\u0103 intre \u00een vigoare \u00een trimestrul IV al anului 2022, cu scopul de a reduce cheltuielile bugetare, de a eficientiza \u0219i de a sprijini procesul bugetar.<\/p>\n\n\n\n<p class=\"has-black-color has-text-color\">Se preconizeaz\u0103 c\u0103 aceast\u0103 m\u0103sur\u0103 va contribui la redresarea \u0219i sus\u021binerea economiei na\u021bionale, \u00een vederea asocierea cu cre\u0219terea serviciilor oferite.<\/p>\n\n\n\n<p class=\"has-black-color has-text-color\">Termenii precum reversibilitate, eficien\u021b\u0103, sustenabilitate, traiectorie \u00eempov\u0103rat\u0103, optimizare \u0219i reconstruc\u021bie a rezervelor par a fi utiliza\u021bi \u00eentr-un mod pompos \u0219i cu multe cuvinte &#8222;d\u0103\u0219tepte&#8221;, care, dup\u0103 fiecare pagin\u0103 citit\u0103, te fac s\u0103 te \u00eentrebi retoric: <em>&#8222;Ce \u00eenseamn\u0103 asta?&#8221;<\/em><\/p>\n\n\n\n<p class=\"has-black-color has-text-color\">Nu \u0219tim cum sun\u0103 ace\u0219ti termeni pentru ceilal\u021bi, probabil c\u0103 \u0219i profesia ne determin\u0103 s\u0103 \u00eei vedem astfel, dar nou\u0103 ne sun\u0103 a \u0219mechereala bine orchestrat\u0103 de b\u0103ie\u021bii cu mult\u0103 carte.<\/p>\n\n\n\n<p class=\"has-black-color has-text-color\">Cu toate c\u0103 avem \u0219i noi cuno\u0219tin\u021be, chiar \u0219i darul de a scrie f\u0103r\u0103 sens, se pare c\u0103 nu sunt suficiente pentru a parcurge cu aten\u021bie \u00eentreaga documenta\u021bie a Planului Na\u021bional de Redresare \u0219i Rezilien\u021b\u0103 al Rom\u00e2niei, aprobat de Consiliul UE la 28 octombrie 2021.<\/p>\n\n\n\n<p class=\"has-black-color has-text-color\">Poate ne \u00een\u0219el\u0103m \u0219i Comitetul Interministerial pentru PNRR \u0219i Comitetul Ministerial pentru PNRR chiar au \u00een vedere inten\u021bii serioase \u00een raport cu motivele justificate, iar pensiile sunt principalul obiectiv al Comisiei Europene.<\/p>\n\n\n\n<p class=\"has-black-color has-text-color\">\u00cen schimb, acum dou\u0103 zile, Comisia European\u0103 a aprobat preliminar tran\u0219a a doua din PNRR, iar Rom\u00e2nia urmeaz\u0103 s\u0103 primeasc\u0103, \u00een luna septembrie 2023, granturi \u00een valoare de 1,86 miliarde de euro.<\/p>\n\n\n\n<p class=\"has-black-color has-text-color\">Cu toate acestea, pentru ca tran\u0219a preliminar\u0103 aprobat\u0103 s\u0103 devin\u0103 o decizie de plat\u0103 a Comisiei Europene, cererea trebuie s\u0103 ob\u021bin\u0103 trei avize ale comitetelor europene.<\/p>\n\n\n\n<p class=\"has-black-color has-text-color\">Aceast\u0103 tran\u0219\u0103 nu prezint\u0103 riscuri majore \u0219i va avea un parcurs destul de u\u0219or.<\/p>\n\n\n\n<p class=\"has-black-color has-text-color\">\u00cen tran\u0219a a III-a, pentru care se consider\u0103 c\u0103 exist\u0103 un pericol de blocare, se introduce un jalon pentru reducerea cheltuielilor publice, iar din septembrie 2023, \u00een viziunea politic\u0103, problema principal\u0103 este legat\u0103 de reforma pensiilor speciale.<\/p>\n\n\n\n<p class=\"has-black-color has-text-color\">\u00cen acest context, exist\u0103 preocuparea c\u0103 suma ar putea fi blocat\u0103 \u0219i se propune o reducere a cheltuielilor publice, av\u00e2nd \u00een vedere problema principal\u0103 legat\u0103 de reforma pensiilor speciale.<\/p>\n\n\n\n<p class=\"has-black-color has-text-color\">Dac\u0103 obliga\u021biile restante nu sunt \u00eendeplinite, guvernul va avea p\u00e2n\u0103 la sf\u00e2r\u0219itul anului s\u0103 g\u0103seasc\u0103 o solu\u021bie pentru validarea obiectivului, timp \u00een care fondurile r\u0103m\u00e2n suspendate.<\/p>\n\n\n\n<p class=\"has-black-color has-text-color\">\u00centreaga situa\u021bie a generat mult\u0103 agita\u021bie, iar pu\u021bini cred c\u0103 au reu\u0219it s\u0103 citeasc\u0103 toate documentele \u00eenaintate.<\/p>\n\n\n\n<p class=\"has-black-color has-text-color\">Exist\u0103 mult\u0103 confuzie \u0219i discu\u021bii, iar situa\u021bia concret\u0103 este cunoscut\u0103 de pu\u021bini, mul\u021bi oferindu-\u0219i p\u0103rerea a\u0219a cum o facem \u0219i noi aici.<\/p>\n\n\n\n<p class=\"has-black-color has-text-color\">Pe meleagurile noastre, proiectul de lege propus de Guvern va fi supus <a href=\"https:\/\/www.iccj.ro\/wp-content\/uploads\/2023\/06\/comunicat-sesizare-CCR-29-iunie-2023.pdf\">verific\u0103rii Cur\u021bii Constitu\u021bionale.<\/a><\/p>\n\n\n\n<p class=\"has-black-color has-text-color\">Marii politicieni rom\u00e2ni afirm\u0103 c\u0103 este o lege a pensiilor speciale sustenabil\u0103, acceptat\u0103 de Comisia European\u0103 \u0219i c\u0103 va trece de controlul de constitu\u021bionalitate al CCR.<\/p>\n\n\n\n<p class=\"has-black-color has-text-color\">De acum, \u00een urm\u0103toarele 24 de ore de la \u00eenregistrare, Curtea Constitu\u021bional\u0103 va comunica celorlal\u021bi actori politici actul \u0219i data la care vor avea loc dezbaterile.<\/p>\n\n\n\n<p class=\"has-black-color has-text-color\">Rolul conferit de lege avocatului poporului este de a proteja drepturile \u0219i libert\u0103\u021bile tuturor cet\u0103\u021benilor.<\/p>\n\n\n\n<p class=\"has-black-color has-text-color\">Ne-am fi a\u0219teptat ca \u0219i Avocatul Poporului, conform atribu\u021biilor sale legale, s\u0103 manifeste interes \u0219i s\u0103 realizeze un studiu semnificativ asupra aspectelor procedurale \u0219i s\u0103 sesizeze Curtea Constitu\u021bional\u0103 cu privire la posibila neregularitate constitu\u021bional\u0103, dar ne-am \u00een\u0219elat.<\/p>\n\n\n\n<p class=\"has-black-color has-text-color\">Datorit\u0103 importan\u021bei manifestate, consider\u0103m c\u0103 actul de sesizare va fi supus dezbaterii \u00een luna septembrie 2023, iar decizia va fi, \u00een contrapondere cu p\u0103rerile politice, una de reexaminare \u0219i de aducere \u00een acord cu prevederile constitu\u021bionale.<\/p>\n","protected":false},"excerpt":{"rendered":"<p>Pl-x244 \u00eentr-un control de constitu\u021bionalitate a priori F\u0103r\u0103 a \u021bine cont de evenimentele din ultimele \u0219ase luni, guvernul, prin procedur\u0103 de urgen\u021b\u0103, devine ini\u021biatorul unui proiect de lege pentru modificarea pensiilor de serviciu. Prin actualul proiect de lege se \u00eencearc\u0103 instituirea unui cadru legislativ conform componentei C8\/R6: Reforma sistemului de pensii &#8211; Jalonul 215, care [&hellip;]<\/p>\n","protected":false},"author":1,"featured_media":363,"comment_status":"closed","ping_status":"closed","sticky":false,"template":"","format":"standard","meta":{"_jetpack_memberships_contains_paid_content":false,"footnotes":"","jetpack_publicize_message":"","jetpack_publicize_feature_enabled":true,"jetpack_social_post_already_shared":true,"jetpack_social_options":{"image_generator_settings":{"template":"highway","enabled":false},"version":2}},"categories":[1],"tags":[],"class_list":["post-362","post","type-post","status-publish","format-standard","has-post-thumbnail","hentry","category-penitenciare"],"jetpack_publicize_connections":[],"jetpack_featured_media_url":"https:\/\/pmioveni.ro\/wp-content\/uploads\/2023\/06\/reforma-pensii-parlament.jpg","jetpack_sharing_enabled":true,"_links":{"self":[{"href":"https:\/\/pmioveni.ro\/index.php\/wp-json\/wp\/v2\/posts\/362","targetHints":{"allow":["GET"]}}],"collection":[{"href":"https:\/\/pmioveni.ro\/index.php\/wp-json\/wp\/v2\/posts"}],"about":[{"href":"https:\/\/pmioveni.ro\/index.php\/wp-json\/wp\/v2\/types\/post"}],"author":[{"embeddable":true,"href":"https:\/\/pmioveni.ro\/index.php\/wp-json\/wp\/v2\/users\/1"}],"replies":[{"embeddable":true,"href":"https:\/\/pmioveni.ro\/index.php\/wp-json\/wp\/v2\/comments?post=362"}],"version-history":[{"count":2,"href":"https:\/\/pmioveni.ro\/index.php\/wp-json\/wp\/v2\/posts\/362\/revisions"}],"predecessor-version":[{"id":366,"href":"https:\/\/pmioveni.ro\/index.php\/wp-json\/wp\/v2\/posts\/362\/revisions\/366"}],"wp:featuredmedia":[{"embeddable":true,"href":"https:\/\/pmioveni.ro\/index.php\/wp-json\/wp\/v2\/media\/363"}],"wp:attachment":[{"href":"https:\/\/pmioveni.ro\/index.php\/wp-json\/wp\/v2\/media?parent=362"}],"wp:term":[{"taxonomy":"category","embeddable":true,"href":"https:\/\/pmioveni.ro\/index.php\/wp-json\/wp\/v2\/categories?post=362"},{"taxonomy":"post_tag","embeddable":true,"href":"https:\/\/pmioveni.ro\/index.php\/wp-json\/wp\/v2\/tags?post=362"}],"curies":[{"name":"wp","href":"https:\/\/api.w.org\/{rel}","templated":true}]}}