{"id":375,"date":"2023-07-02T17:33:00","date_gmt":"2023-07-02T14:33:00","guid":{"rendered":"https:\/\/pmioveni.ro\/?p=375"},"modified":"2023-07-03T08:36:39","modified_gmt":"2023-07-03T05:36:39","slug":"reflectii-asupra-relatiilor-intime-studiul-de-caz-baia-mare","status":"publish","type":"post","link":"https:\/\/pmioveni.ro\/index.php\/2023\/07\/02\/reflectii-asupra-relatiilor-intime-studiul-de-caz-baia-mare\/","title":{"rendered":"Reflec\u021bii asupra rela\u021biilor intime: Studiul de caz Baia Mare"},"content":{"rendered":"\n<p class=\"has-black-color has-text-color\">De\u0219i cazul este bine-cunoscut de toat\u0103 lumea, doresc s\u0103 v\u0103 prezint o alt\u0103 perspectiv\u0103 \u00eemp\u0103r\u021bit\u0103 cu privire la rela\u021biile intime nepotrivite.<\/p>\n\n\n\n<p class=\"has-black-color has-text-color\">Cazul de la Baia Mare a devenit notoriu \u00een sistemul penitenciar \u0219i \u00eentr-o parte semnificativ\u0103 a societ\u0103\u021bii rom\u00e2ne\u0219ti.<\/p>\n\n\n\n<p class=\"has-black-color has-text-color\">\u00cenainte de a trece la povestea noastr\u0103, a\u0219 dori s\u0103 v\u0103 reamintesc de un caz care a avut loc la Paris \u00een 2012, c\u00e2nd Francois Hollande, candidat al Partidului Socialist, a fost ales pre\u0219edinte al Republicii Franceze, \u00eenving\u00e2ndu-l pe rivalul s\u0103u Nicolas Sarkozy.<\/p>\n\n\n\n<p class=\"has-black-color has-text-color\">Un alt personaj din arena politic\u0103, Dominique Strauss-Kahn (cunoscut sub pseudonimul DSK), era o figur\u0103 politic\u0103 influent\u0103, cu cele mai mari \u0219anse de a fi ales liderul na\u021biunii.<\/p>\n\n\n\n<p class=\"has-black-color has-text-color\">Era un economist extrem de talentat, un om politic de greutate \u0219i implicat \u00een jocuri strategice de influen\u021b\u0103 la nivel global.<\/p>\n\n\n\n<p class=\"has-black-color has-text-color\">\u00cenainte de alegeri, <a href=\"https:\/\/stirileprotv.ro\/stiri\/international\/dsk-primul-interviu-dupa-intoarcerea-in-franta-am-pierdut-totul-cu-aceasta-poveste-nu-candidez.html\">DSK a fost acuzat c\u0103 a avut o rela\u021bie nepotrivit\u0103 cu o camerist\u0103.<\/a> \u00cen culise, \u00een timpul procesului, o alt\u0103 t\u00e2n\u0103r\u0103 a depus o alt\u0103 pl\u00e2ngere, sus\u021bin\u00e2nd c\u0103 Dominique Strauss-Kahn a \u00eencercat s\u0103 aib\u0103 o rela\u021bie nepotrivit\u0103 \u0219i cu ea.<\/p>\n\n\n\n<p class=\"has-black-color has-text-color\">Revista Time Magazine, o publica\u021bie de prestigiu, \u00eel situa pe DSK pe locul 6 \u00een topul celor mai influen\u021bi oameni din lume.<\/p>\n\n\n\n<p class=\"has-black-color has-text-color\">\u00centr-un sondaj de opinie, \u00een care s-a pus \u00eentrebarea dac\u0103 DSK a fost victima unei conspira\u021bii, majoritatea cov\u00e2r\u0219itoare a concluzionat c\u0103 totul a fost doar un joc politic strategic menit s\u0103-l elimine din cursa c\u0103tre pre\u0219edin\u021bie.<\/p>\n\n\n\n<p class=\"has-black-color has-text-color\">Ini\u021bial, refuz\u00e2nd s\u0103-\u0219i prezinte o ap\u0103rare solid\u0103 \u0219i fiind scos \u00een c\u0103tu\u0219e din propria sa cas\u0103, DSK a devenit subiectul principal al tabloidelor \u0219i a refuzat s\u0103 ofere prea multe informa\u021bii despre caz.<\/p>\n\n\n\n<p class=\"has-black-color has-text-color\">Dup\u0103 un timp, consider\u00e2nd \u00eentregul incident o capcan\u0103 politic\u0103 \u0219i con\u0219tient de dificultatea de a-\u0219i dovedi nevinov\u0103\u021bia, <a href=\"https:\/\/stirileprotv.ro\/stiri\/international\/cazul-dsk-poate-sa-cada-camerista-care-il-acuza-de-viol-a-luat-bani-de-la-un-traficant-de-droguri.html\">DSK a ie\u0219it \u00een public<\/a> \u0219i a prezentat c\u00e2teva aspecte relevante ale cazului, dar \u0219i o fraz\u0103 pe care doresc s\u0103 o reamintesc \u0219i vou\u0103: <em><a href=\"https:\/\/youtu.be\/4tBgoyHtGHI\">&#8222;Mi-a fost fric\u0103, mi-a fost foarte fric\u0103&#8230; C\u00e2nd e\u0219ti prins \u00een cle\u0219tele acestei ma\u0219in\u0103rii, ai impresia c\u0103 te poate zdrobi.&#8221;<\/a><\/em><\/p>\n\n\n\n<p class=\"has-black-color has-text-color\">Din p\u0103cate, nu putem spune cu certitudine dac\u0103 acuza\u021biile erau sau nu reale, deoarece, dup\u0103 ce a fost eliminat din scena politic\u0103, acuza\u021biile au fost retrase.<\/p>\n\n\n\n<p class=\"has-black-color has-text-color\">M\u0103 a\u0219teptam ca oamenii s\u0103 fi evoluat \u0219i ca aceast\u0103 lec\u021bie dur\u0103 a haosului generalizat, \u00een care acuzatul public pl\u0103te\u0219te pre\u021bul, s\u0103 se fi estompat \u0219i s\u0103 fi disp\u0103rut.<\/p>\n\n\n\n<p class=\"has-black-color has-text-color\">Cu toate acestea, ca popor, avem tendin\u021ba de a crede c\u0103 \u00eei cunoa\u0219tem pe ceilal\u021bi \u0219i c\u0103 evolu\u0103m atunci c\u00e2nd suntem conecta\u021bi social la opinia public\u0103.<\/p>\n\n\n\n<p class=\"has-black-color has-text-color\">Cultura de mas\u0103 a societ\u0103\u021bii uneori afecteaz\u0103 percep\u021bia emo\u021bional\u0103 \u0219i ne \u00eempiedic\u0103 s\u0103 analiz\u0103m corect perspectivele prezentate ca fundament al convingerilor noastre.<\/p>\n\n\n\n<p class=\"has-black-color has-text-color\">Nu voi mai insista asupra cuvintelor, a\u0219adar s\u0103 revenim la cazul nostru: Directorul penitenciarului a dorit s\u0103 aib\u0103 rela\u021bii intime cu o angajat\u0103. \u00cens\u0103, a\u0219a cum se \u00eent\u00e2mpl\u0103 \u00een astfel de situa\u021bii, investiga\u021biile au relevat c\u0103 exista \u0219i o alt\u0103 angajat\u0103 cu care \u00eencerca s\u0103 \u00eentre\u021bin\u0103 astfel de rela\u021bii.<\/p>\n\n\n\n<p class=\"has-black-color has-text-color\">\u00cen cazul cunoscut nou\u0103 \u0219i prezentat de pres\u0103, \u00een care se aud multe \u0219i se \u0219tiu pu\u021bine, abilitatea unora de a reac\u021biona pare a fi doar o reac\u021bie bazat\u0103 pe contextele culturale de \u00een\u021belegere emo\u021bional\u0103.<\/p>\n\n\n\n<p class=\"has-black-color has-text-color\">Am \u00eent\u00e2lnit mul\u021bi oameni care vorbesc despre stabilitatea deciziilor \u0219i despre \u00een\u021belegerea emo\u021biilor la un nivel \u00eenalt, dar am v\u0103zut \u0219i al\u021bii care se compl\u0103ceau \u00een inteligen\u021ba \u0219i opiniile lor, cu mai multe sau mai pu\u021bine informa\u021bii \u0219i cu abilit\u0103\u021bi multiple.<\/p>\n\n\n\n<p class=\"has-black-color has-text-color\">Este dificil s\u0103 determin\u0103m cu exactitate ce reprezint\u0103 inteligen\u021ba \u0219i cum trebuie s\u0103 ne adapt\u0103m la conceptul abstract al evenimentelor din mediul \u00eenconjur\u0103tor, deoarece situa\u021bia privind rela\u021biile intime va g\u0103si \u00een cur\u00e2nd o rezolvare \u00een instan\u021ba de judecat\u0103.<\/p>\n\n\n\n<p class=\"has-black-color has-text-color\">Noi alegem s\u0103 privim situa\u021bia \u00eentr-un mod diferit fa\u021b\u0103 de povestea prezentat\u0103 de to\u021bi \u0219i o s\u0103 empatiz\u0103m doar cu solu\u021bia.<\/p>\n\n\n\n<p><\/p>\n","protected":false},"excerpt":{"rendered":"<p>De\u0219i cazul este bine-cunoscut de toat\u0103 lumea, doresc s\u0103 v\u0103 prezint o alt\u0103 perspectiv\u0103 \u00eemp\u0103r\u021bit\u0103 cu privire la rela\u021biile intime nepotrivite. Cazul de la Baia Mare a devenit notoriu \u00een sistemul penitenciar \u0219i \u00eentr-o parte semnificativ\u0103 a societ\u0103\u021bii rom\u00e2ne\u0219ti. \u00cenainte de a trece la povestea noastr\u0103, a\u0219 dori s\u0103 v\u0103 reamintesc de un caz care [&hellip;]<\/p>\n","protected":false},"author":1,"featured_media":377,"comment_status":"closed","ping_status":"closed","sticky":false,"template":"","format":"standard","meta":{"_jetpack_memberships_contains_paid_content":false,"footnotes":"","jetpack_publicize_message":"","jetpack_publicize_feature_enabled":true,"jetpack_social_post_already_shared":true,"jetpack_social_options":{"image_generator_settings":{"template":"highway","enabled":false},"version":2}},"categories":[1],"tags":[],"class_list":["post-375","post","type-post","status-publish","format-standard","has-post-thumbnail","hentry","category-penitenciare"],"jetpack_publicize_connections":[],"jetpack_featured_media_url":"https:\/\/pmioveni.ro\/wp-content\/uploads\/2023\/07\/rage_at_work.jpg","jetpack_sharing_enabled":true,"_links":{"self":[{"href":"https:\/\/pmioveni.ro\/index.php\/wp-json\/wp\/v2\/posts\/375","targetHints":{"allow":["GET"]}}],"collection":[{"href":"https:\/\/pmioveni.ro\/index.php\/wp-json\/wp\/v2\/posts"}],"about":[{"href":"https:\/\/pmioveni.ro\/index.php\/wp-json\/wp\/v2\/types\/post"}],"author":[{"embeddable":true,"href":"https:\/\/pmioveni.ro\/index.php\/wp-json\/wp\/v2\/users\/1"}],"replies":[{"embeddable":true,"href":"https:\/\/pmioveni.ro\/index.php\/wp-json\/wp\/v2\/comments?post=375"}],"version-history":[{"count":2,"href":"https:\/\/pmioveni.ro\/index.php\/wp-json\/wp\/v2\/posts\/375\/revisions"}],"predecessor-version":[{"id":384,"href":"https:\/\/pmioveni.ro\/index.php\/wp-json\/wp\/v2\/posts\/375\/revisions\/384"}],"wp:featuredmedia":[{"embeddable":true,"href":"https:\/\/pmioveni.ro\/index.php\/wp-json\/wp\/v2\/media\/377"}],"wp:attachment":[{"href":"https:\/\/pmioveni.ro\/index.php\/wp-json\/wp\/v2\/media?parent=375"}],"wp:term":[{"taxonomy":"category","embeddable":true,"href":"https:\/\/pmioveni.ro\/index.php\/wp-json\/wp\/v2\/categories?post=375"},{"taxonomy":"post_tag","embeddable":true,"href":"https:\/\/pmioveni.ro\/index.php\/wp-json\/wp\/v2\/tags?post=375"}],"curies":[{"name":"wp","href":"https:\/\/api.w.org\/{rel}","templated":true}]}}