{"id":387,"date":"2023-07-04T10:22:21","date_gmt":"2023-07-04T07:22:21","guid":{"rendered":"https:\/\/pmioveni.ro\/?p=387"},"modified":"2023-07-04T13:11:54","modified_gmt":"2023-07-04T10:11:54","slug":"abuzul-in-sistemul-penitenciar-si-rolul-comisiei-de-disciplina","status":"publish","type":"post","link":"https:\/\/pmioveni.ro\/index.php\/2023\/07\/04\/abuzul-in-sistemul-penitenciar-si-rolul-comisiei-de-disciplina\/","title":{"rendered":"Abuzul \u00een sistemul penitenciar \u0219i rolul comisiei de disciplin\u0103"},"content":{"rendered":"\n<p class=\"has-black-color has-text-color\">\u00cen aceast\u0103 diminea\u021b\u0103, \u00een ziarele locale de pe litoral, am citit povestea unei angajate de la Penitenciarul Constan\u021ba Poarta Alb\u0103, care a fost abuzat\u0103 de \u0219efi \u0219i nu a putut participa la un <a href=\"https:\/\/focuspress.ro\/contabila-penitenciarului-poarta-alba-cercetata-abuziv-de-conducere-nu-a-putut-sustine-examenul-de-avansare-in-grad-din-cauza-sanctiunii-care-a-fost-anulata-de-instanta\/\">concurs de avansare.<\/a><\/p>\n\n\n\n<p class=\"has-black-color has-text-color\">Noi \u0219tim c\u0103 sistemul are un mecanism de reac\u021bie asem\u0103n\u0103tor cu universul descris de Kafka \u00een &#8222;Colonia penitenciar\u0103&#8221;, unde str\u00e2nsoarea cle\u0219telui ma\u0219in\u0103riei de persecu\u021bie este palpabil\u0103, dar curiozitatea ne-a st\u00e2rnit s\u0103 cercet\u0103m mai profund situa\u021bia \u0219i s\u0103 vedem dac\u0103 abuzul prezint\u0103 ceva mai mult dec\u00e2t at\u00e2t.<\/p>\n\n\n\n<p class=\"has-black-color has-text-color\">\u00cen realitate, o angajat\u0103 contabil\u0103 din penitenciar, care urma s\u0103 primeasc\u0103 viza CFP (control financiar preventiv), a descoperit c\u0103 suma de 80.000 lei nu era \u00eenregistrat\u0103 \u00een eviden\u021bele contabile.<\/p>\n\n\n\n<p class=\"has-black-color has-text-color\">\u00cen acest context, prin controlul efectuat de Curtea de Conturi a Rom\u00e2niei, lipsa din bugetul de stat a fost consemnat\u0103 \u00een rapoartele specifice, iar organele abilitate de lege au fost sesizate pentru a clarifica situa\u021bia.<\/p>\n\n\n\n<p class=\"has-black-color has-text-color\">Poli\u021bi\u0219tii de penitenciare care au ocupat pozi\u021bii de conducere \u00eenaintea actualilor responsabili \u0219i-au aruncat reciproc vina. \u0218i, av\u00e2nd avantajul de a lucra \u00een echip\u0103, fiecare ocupant al fotoliului de director \u0219i-a atribuit vina predecesorului s\u0103u.<\/p>\n\n\n\n<p class=\"has-black-color has-text-color\">Atunci c\u00e2nd situa\u021bia este \u00een conformitate cu linia trasat\u0103, abilitatea institu\u021bional\u0103 permite timpului s\u0103 rezolve problemele f\u0103r\u0103 a crea prea mult scandal.<\/p>\n\n\n\n<p class=\"has-black-color has-text-color\">Deoarece angajata a agitat apele \u0219i a \u00eencercat s\u0103 nu fie tras\u0103 la r\u0103spundere nejustificat, directorul economic, \u0219eful \u0219efului, a reac\u021bionat rapid \u0219i a adus o avalan\u0219\u0103 de acuza\u021bii \u00eempotriva ei, ceea ce a condus la <a href=\"https:\/\/focuspress.ro\/contabila-de-la-penitenciarul-poarta-alba-sanctionata-de-sefi-pentru-ca-nu-si-a-asumat-o-gaura-in-buget-lasata-mostenire\/\">sesizarea comisiei de disciplin\u0103 cadre.<\/a><\/p>\n\n\n\n<p class=\"has-black-color has-text-color\">Pe parcursul unei perioade de h\u0103r\u021buire de patru luni, cu \u00eensemn\u0103ri referitoare la activit\u0103\u021bile zilnice, schimb\u0103ri \u00een atribu\u021biile sale \u0219i e-mailuri prin care i se cereau tot mai multe lucruri haotice, contabila noastr\u0103 a decis c\u0103 este timpul s\u0103 reac\u021bioneze la ceea ce se \u00eent\u00e2mpla.<\/p>\n\n\n\n<p class=\"has-black-color has-text-color\">Atunci c\u00e2nd e\u0219ti etichetat \u00een mod sistematic \u0219i c\u00e2nd unii devin p\u0103rtinitori cu situa\u021bia, evenimentele faptice se rostogolesc ca un bulg\u0103re de z\u0103pad\u0103.<\/p>\n\n\n\n<p class=\"has-black-color has-text-color\">Deoarece nu suntem str\u0103ini de modul \u00een care sunt solu\u021bionate dosarele \u00een cadrul comisiilor de disciplin\u0103 din penitenciare, iar metodele \u0219i mijloacele utilizate sunt un adev\u0103rat studiu de caz, pre\u0219edintele comisiei de disciplin\u0103 cadre nu i-a permis inculpatului din dosar s\u0103 participe la audierea martorilor din birou \u0219i nu a dezv\u0103luit declara\u021biile acestora.<\/p>\n\n\n\n<p class=\"has-black-color has-text-color\">Pentru c\u0103 dreptul la ap\u0103rare \u0219i principiul egalit\u0103\u021bii de arme au prioritate \u00een fa\u021ba instan\u021bei de judecat\u0103, precum \u0219i din alte considerente relevante, dosarele de fa\u021b\u0103 au fost anulate \u0219i, desigur, au fost dispuse desp\u0103gubiri ca m\u0103suri reparatorii.<\/p>\n\n\n\n<p class=\"has-black-color has-text-color\">Suntem convin\u0219i c\u0103 acesta va fi doar un caz despre care nu se vor spune prea multe \u0219i se va \u00eencerca rapid trecerea peste el, dar suntem siguri c\u0103 realitatea ne va aduce \u00een fa\u021ba unui nou caz similar \u00eentr-un alt penitenciar.<\/p>\n\n\n\n<p class=\"has-black-color has-text-color\">\u0218i, probabil c\u0103, \u00eentr-o zi nu foarte \u00eendep\u0103rtat\u0103 de prezent, vom ajunge la prezentarea unui caz \u00een care abaterea disciplinar\u0103 nu va mai putea fi cunoscut\u0103 de c\u0103tre inculpat, ascuns\u0103 \u00een spatele unei m\u0103suri de siguran\u021b\u0103 frumos conturate \u00een mecanismul temeinic \u0219i \u00een aparen\u021ba de legalitate.<\/p>\n\n\n\n<p class=\"has-black-color has-text-color\">Oricum, putem sta lini\u0219ti\u021bi cu g\u00e2ndul c\u0103, cel pu\u021bin \u00een lumina dispozi\u021biilor actuale, sanc\u021biunea disciplinar\u0103 va fi mereu adus\u0103 la cuno\u0219tin\u021ba noastr\u0103, poate chiar de c\u0103tre \u0219eful h\u0103r\u021buitor, dar va fi, probabil, singurul document opozabil \u0219i justificat care ne va fi cunoscut mereu.<\/p>\n\n\n\n<p class=\"has-black-color has-text-color\">P\u00e2n\u0103 atunci, deoarece am fost \u00eenv\u0103\u021ba\u021bi \u00eenc\u0103 de mici s\u0103 ne conform\u0103m normelor \u0219i dispozi\u021biilor \u0219i s\u0103 ne adapt\u0103m la ele, indiferent de sensul lor \u00een ra\u021biunea noastr\u0103, ne r\u0103m\u00e2ne doar s\u0103 nu fim acuza\u021bi \u0219i judeca\u021bi.<\/p>\n","protected":false},"excerpt":{"rendered":"<p>\u00cen aceast\u0103 diminea\u021b\u0103, \u00een ziarele locale de pe litoral, am citit povestea unei angajate de la Penitenciarul Constan\u021ba Poarta Alb\u0103, care a fost abuzat\u0103 de \u0219efi \u0219i nu a putut participa la un concurs de avansare. Noi \u0219tim c\u0103 sistemul are un mecanism de reac\u021bie asem\u0103n\u0103tor cu universul descris de Kafka \u00een &#8222;Colonia penitenciar\u0103&#8221;, unde [&hellip;]<\/p>\n","protected":false},"author":1,"featured_media":388,"comment_status":"closed","ping_status":"closed","sticky":false,"template":"","format":"standard","meta":{"_jetpack_memberships_contains_paid_content":false,"footnotes":"","jetpack_publicize_message":"","jetpack_publicize_feature_enabled":true,"jetpack_social_post_already_shared":true,"jetpack_social_options":{"image_generator_settings":{"template":"highway","enabled":false},"version":2}},"categories":[1],"tags":[],"class_list":["post-387","post","type-post","status-publish","format-standard","has-post-thumbnail","hentry","category-penitenciare"],"jetpack_publicize_connections":[],"jetpack_featured_media_url":"https:\/\/pmioveni.ro\/wp-content\/uploads\/2023\/07\/32077009-l.jpg","jetpack_sharing_enabled":true,"_links":{"self":[{"href":"https:\/\/pmioveni.ro\/index.php\/wp-json\/wp\/v2\/posts\/387","targetHints":{"allow":["GET"]}}],"collection":[{"href":"https:\/\/pmioveni.ro\/index.php\/wp-json\/wp\/v2\/posts"}],"about":[{"href":"https:\/\/pmioveni.ro\/index.php\/wp-json\/wp\/v2\/types\/post"}],"author":[{"embeddable":true,"href":"https:\/\/pmioveni.ro\/index.php\/wp-json\/wp\/v2\/users\/1"}],"replies":[{"embeddable":true,"href":"https:\/\/pmioveni.ro\/index.php\/wp-json\/wp\/v2\/comments?post=387"}],"version-history":[{"count":3,"href":"https:\/\/pmioveni.ro\/index.php\/wp-json\/wp\/v2\/posts\/387\/revisions"}],"predecessor-version":[{"id":391,"href":"https:\/\/pmioveni.ro\/index.php\/wp-json\/wp\/v2\/posts\/387\/revisions\/391"}],"wp:featuredmedia":[{"embeddable":true,"href":"https:\/\/pmioveni.ro\/index.php\/wp-json\/wp\/v2\/media\/388"}],"wp:attachment":[{"href":"https:\/\/pmioveni.ro\/index.php\/wp-json\/wp\/v2\/media?parent=387"}],"wp:term":[{"taxonomy":"category","embeddable":true,"href":"https:\/\/pmioveni.ro\/index.php\/wp-json\/wp\/v2\/categories?post=387"},{"taxonomy":"post_tag","embeddable":true,"href":"https:\/\/pmioveni.ro\/index.php\/wp-json\/wp\/v2\/tags?post=387"}],"curies":[{"name":"wp","href":"https:\/\/api.w.org\/{rel}","templated":true}]}}