{"id":393,"date":"2023-07-05T13:51:51","date_gmt":"2023-07-05T10:51:51","guid":{"rendered":"https:\/\/pmioveni.ro\/?p=393"},"modified":"2023-07-05T13:54:58","modified_gmt":"2023-07-05T10:54:58","slug":"incetarea-mandatelor-directorilor-de-penitenciar-02-08-2023","status":"publish","type":"post","link":"https:\/\/pmioveni.ro\/index.php\/2023\/07\/05\/incetarea-mandatelor-directorilor-de-penitenciar-02-08-2023\/","title":{"rendered":"\u00cencetarea mandatelor directorilor de penitenciar: 02.08.2023"},"content":{"rendered":"\n<p class=\"has-black-color has-text-color\">\u00cen cariera profesional\u0103 a unui poli\u021bist de penitenciare, \u00een urma unui concurs organizat, prin intermediul unui act normativ emis de un ministru, po\u021bi fi numit s\u0103 exerci\u021bi func\u021bia de director pentru un mandat de 4 ani.<\/p>\n\n\n\n<p class=\"has-black-color has-text-color\">Introducerea mandatelor pentru func\u021biile de director \u00een sistemul penitenciar a avut drept scop principal asigurarea unei gestion\u0103ri eficiente, responsabilizarea sporit\u0103 a persoanelor ocupante ale acestor pozi\u021bii, \u00eencurajarea dezvolt\u0103rii profesionale \u0219i crearea oportunit\u0103\u021bilor pentru cei interesa\u021bi s\u0103 acceseze astfel de func\u021bii.<\/p>\n\n\n\n<p class=\"has-black-color has-text-color\">Pentru a promova competi\u021bia \u0219i a asigura un proces de selec\u021bie obiectiv, legisla\u021bia a stabilit un mandat de 4 ani pentru func\u021biile de conducere de top, cu posibilitatea unei singure reinvestiri, conform prevederilor legale \u0219i printr-un concurs organizat, pentru un al doilea mandat de patru ani.<\/p>\n\n\n\n<p class=\"has-black-color has-text-color\">Deoarece instaurarea mandatelor ar fi condus la ocuparea func\u021biei doar prin intermediul concursului, a fost introdus\u0103 o dispozi\u021bie tranzitorie care a permis ocupan\u021bilor func\u021biilor de la momentul legii s\u0103 continue \u00eentr-un mandat de 4 ani.<\/p>\n\n\n\n<p class=\"has-black-color has-text-color\">Astfel, conform prevederilor articolului 202 alineatul (2) din Legea nr. 145\/2019, persoanele ocupante ale func\u021biilor de top sunt investite \u00eentr-un mandat de 4 ani, <em>\u00eencep\u00e2nd cu data de 01.08.2019, p\u00e2n\u0103 la data de 01.08.2023.<\/em><\/p>\n\n\n\n<p class=\"has-black-color has-text-color\">S\u0103 recapitul\u0103m: conform expunerii de motive a proiectului care a \u00eenso\u021bit legea, implementarea mandatelor a avut \u00een vedere urm\u0103toarele aspecte:<\/p>\n\n\n\n<ol class=\"wp-block-list\" type=\"1\">\n<li class=\"has-medium-font-size\"><em>Eficien\u021ba gestion\u0103rii actului managerial<\/em>;<\/li>\n\n\n\n<li class=\"has-medium-font-size\"><em>Promovarea preg\u0103tirii profesionale<\/em>;<\/li>\n\n\n\n<li class=\"has-medium-font-size\"><em>Deschiderea accesului \u0219i pentru alte persoane<\/em>;<\/li>\n\n\n\n<li class=\"has-medium-font-size\"><em>Stimularea competi\u021biei<\/em>;<\/li>\n\n\n\n<li class=\"has-medium-font-size\"><em>Asigurarea unei selec\u021bii obiective<\/em>.<\/li>\n<\/ol>\n\n\n\n<p class=\"has-black-color has-text-color\">Cu alte cuvinte, legiuitorul a avut \u00een vedere s\u0103 previn\u0103 abuzurile de putere, s\u0103 \u00eempiedice instalarea orgoliului \u0219i a vanit\u0103\u021bii, iar puterea s\u0103 nu adoarm\u0103 ra\u021biunea.<\/p>\n\n\n\n<p class=\"has-black-color has-text-color\">Legea care reglementeaz\u0103 valorizarea puterii prin mandate ale directorilor penitenciarului \u0219i ale altor func\u021bii de top a fost fundamentat\u0103 pe note, avize \u0219i puncte de vedere.<\/p>\n\n\n\n<p class=\"has-black-color has-text-color\">Ministerul Justi\u021biei \u0219i Administra\u021bia Na\u021bional\u0103 a Penitenciarelor par <em>s\u0103 fi uitat s\u0103 stimuleze<\/em> competi\u021bia \u0219i selec\u021bia obiectiv\u0103, iar accesul altor persoane la astfel de func\u021bii pare acum s\u0103 fie doar o chestiune formal\u0103, ce, <em>ast\u0103zi<\/em>, necesit\u0103 justific\u0103ri suplimentare pentru <em><u>a nu asigura<\/u><\/em> egalitatea de \u0219anse pentru poli\u021bi\u0219tii de penitenciare.<\/p>\n\n\n\n<p class=\"has-black-color has-text-color\">Nu \u00eencet\u0103m s\u0103 credem c\u0103 lucrurile se vor \u00eembun\u0103t\u0103\u021bi \u0219i nu o s\u0103 obosim niciodat\u0103 s\u0103 scriem, indiferent c\u0103 o s\u0103 o facem pe laptop sau c\u0103 suntem nevoi\u021bi s\u0103 o facem pe h\u00e2rtie, dar poli\u021bi\u0219tii de penitenciare trebuie s\u0103 fie egali \u00een fa\u021ba legii \u0219i a autorit\u0103\u021bii publice, f\u0103r\u0103 privilegii \u0219i f\u0103r\u0103 discrimin\u0103ri.<\/p>\n\n\n\n<p class=\"has-black-color has-text-color\">\u00centruc\u00e2t nu este o necunoscut\u0103 modalitatea unora de a ajunge directori, o s\u0103 \u00eencerc\u0103m s\u0103 scriem c\u00e2teva r\u00e2nduri \u0219i despre asta, dar \u00eenainte de a v\u0103 dezv\u0103lui culisele desemn\u0103rilor, <em>trebuie s\u0103 tr\u0103im alegerile mandat\u0103rii actuale.<\/em><\/p>\n\n\n\n<p class=\"has-black-color has-text-color\">Atunci c\u00e2nd se iau \u00een considerare numirile actuale, este crucial s\u0103 se respecte prevederile Constitu\u021biei, angajamentele asumate \u00een procesul de elaborare a legisla\u021biei actuale \u0219i s\u0103 se acorde aten\u021bie condi\u021biilor obligatorii prev\u0103zute la articolul 97 alineatul (2) din Legea nr. 145\/2019 privind statutul poli\u021bistului de penitenciare.<\/p>\n\n\n\n<figure class=\"wp-block-image size-large\"><img loading=\"lazy\" decoding=\"async\" width=\"1024\" height=\"640\" src=\"https:\/\/pmioveni.ro\/wp-content\/uploads\/2023\/07\/the-grim-reaper-wallpaper-2560x1600_7-1024x640.jpg\" alt=\"\" class=\"wp-image-395\" srcset=\"https:\/\/pmioveni.ro\/wp-content\/uploads\/2023\/07\/the-grim-reaper-wallpaper-2560x1600_7-1024x640.jpg 1024w, https:\/\/pmioveni.ro\/wp-content\/uploads\/2023\/07\/the-grim-reaper-wallpaper-2560x1600_7-300x188.jpg 300w, https:\/\/pmioveni.ro\/wp-content\/uploads\/2023\/07\/the-grim-reaper-wallpaper-2560x1600_7-768x480.jpg 768w, https:\/\/pmioveni.ro\/wp-content\/uploads\/2023\/07\/the-grim-reaper-wallpaper-2560x1600_7-1536x960.jpg 1536w, https:\/\/pmioveni.ro\/wp-content\/uploads\/2023\/07\/the-grim-reaper-wallpaper-2560x1600_7-2048x1280.jpg 2048w\" sizes=\"auto, (max-width: 1024px) 100vw, 1024px\" \/><\/figure>\n","protected":false},"excerpt":{"rendered":"<p>\u00cen cariera profesional\u0103 a unui poli\u021bist de penitenciare, \u00een urma unui concurs organizat, prin intermediul unui act normativ emis de un ministru, po\u021bi fi numit s\u0103 exerci\u021bi func\u021bia de director pentru un mandat de 4 ani. Introducerea mandatelor pentru func\u021biile de director \u00een sistemul penitenciar a avut drept scop principal asigurarea unei gestion\u0103ri eficiente, responsabilizarea [&hellip;]<\/p>\n","protected":false},"author":1,"featured_media":394,"comment_status":"closed","ping_status":"closed","sticky":false,"template":"","format":"standard","meta":{"_jetpack_memberships_contains_paid_content":false,"footnotes":"","jetpack_publicize_message":"","jetpack_publicize_feature_enabled":true,"jetpack_social_post_already_shared":true,"jetpack_social_options":{"image_generator_settings":{"template":"highway","enabled":false},"version":2}},"categories":[1],"tags":[],"class_list":["post-393","post","type-post","status-publish","format-standard","has-post-thumbnail","hentry","category-penitenciare"],"jetpack_publicize_connections":[],"jetpack_featured_media_url":"https:\/\/pmioveni.ro\/wp-content\/uploads\/2023\/07\/smf92121.jpg","jetpack_sharing_enabled":true,"_links":{"self":[{"href":"https:\/\/pmioveni.ro\/index.php\/wp-json\/wp\/v2\/posts\/393","targetHints":{"allow":["GET"]}}],"collection":[{"href":"https:\/\/pmioveni.ro\/index.php\/wp-json\/wp\/v2\/posts"}],"about":[{"href":"https:\/\/pmioveni.ro\/index.php\/wp-json\/wp\/v2\/types\/post"}],"author":[{"embeddable":true,"href":"https:\/\/pmioveni.ro\/index.php\/wp-json\/wp\/v2\/users\/1"}],"replies":[{"embeddable":true,"href":"https:\/\/pmioveni.ro\/index.php\/wp-json\/wp\/v2\/comments?post=393"}],"version-history":[{"count":2,"href":"https:\/\/pmioveni.ro\/index.php\/wp-json\/wp\/v2\/posts\/393\/revisions"}],"predecessor-version":[{"id":397,"href":"https:\/\/pmioveni.ro\/index.php\/wp-json\/wp\/v2\/posts\/393\/revisions\/397"}],"wp:featuredmedia":[{"embeddable":true,"href":"https:\/\/pmioveni.ro\/index.php\/wp-json\/wp\/v2\/media\/394"}],"wp:attachment":[{"href":"https:\/\/pmioveni.ro\/index.php\/wp-json\/wp\/v2\/media?parent=393"}],"wp:term":[{"taxonomy":"category","embeddable":true,"href":"https:\/\/pmioveni.ro\/index.php\/wp-json\/wp\/v2\/categories?post=393"},{"taxonomy":"post_tag","embeddable":true,"href":"https:\/\/pmioveni.ro\/index.php\/wp-json\/wp\/v2\/tags?post=393"}],"curies":[{"name":"wp","href":"https:\/\/api.w.org\/{rel}","templated":true}]}}