{"id":398,"date":"2023-07-05T17:30:06","date_gmt":"2023-07-05T14:30:06","guid":{"rendered":"https:\/\/pmioveni.ro\/?p=398"},"modified":"2023-07-05T17:30:06","modified_gmt":"2023-07-05T14:30:06","slug":"vineri-07-07-2023-alina-gorghiu-verifica-activitatea-din-penitenciarul-mioveni","status":"publish","type":"post","link":"https:\/\/pmioveni.ro\/index.php\/2023\/07\/05\/vineri-07-07-2023-alina-gorghiu-verifica-activitatea-din-penitenciarul-mioveni\/","title":{"rendered":"Vineri, 07.07.2023, Alina Gorghiu verific\u0103 activitatea din Penitenciarul Mioveni"},"content":{"rendered":"\n<p class=\"has-black-color has-text-color\">Ministra Justi\u021biei se \u021bine de cuv\u00e2nt \u0219i viziteaz\u0103 primul penitenciar \u00een mandatul s\u0103u actual.<\/p>\n\n\n\n<p class=\"has-black-color has-text-color\">Ministrul Justi\u021biei, Alina Gorghiu, efectueaz\u0103 o vizit\u0103 la Penitenciarul Mioveni \u0219i la instan\u021bele de judecat\u0103 din circumscrip\u021bia teritorial\u0103 a Cur\u021bii de Apel Pite\u0219ti.<\/p>\n\n\n\n<p class=\"has-black-color has-text-color\">A\u0219a cum a afirmat \u00een declara\u021biile sale publice, doamna Alina Gorghiu sose\u0219te la Penitenciarul Mioveni vineri, 07.07.2023.<\/p>\n\n\n\n<p class=\"has-black-color has-text-color\">\u00cencep\u00e2nd de diminea\u021b\u0103, activitatea din cadrul Penitenciarului Mioveni este verificat\u0103 \u0219i se organizeaz\u0103 sub coordonarea reprezentan\u021bilor Administra\u021biei Na\u021bionale a Penitenciarelor, interesa\u021bi brusc de condi\u021biile de munc\u0103 \u0219i modul \u00een care personalul \u00ee\u0219i desf\u0103\u0219oar\u0103 activitatea.<\/p>\n\n\n\n<p class=\"has-black-color has-text-color\">La vizita care va avea loc vineri, \u00een\u021belegem c\u0103 doamna ministru va fi \u00eenso\u021bit\u0103 de domnul Halchin Dan, numit \u00een func\u021bia de director general al Administra\u021biei Na\u021bionale a Penitenciarelor la data de 15.04.2021 de c\u0103tre domnul Stelian-Cristian ION, fost ministru al justi\u021biei \u0219i actual deputat \u00een Rom\u00e2nia.<\/p>\n\n\n\n<p class=\"has-black-color has-text-color\">Domnul Dan Halchin a f\u0103cut deja primii pa\u0219i \u0219i a \u00eenceput s\u0103 viziteze penitenciarele din zon\u0103, fur\u00e2nd startul competi\u021bional. De c\u00e2teva minute, acesta a p\u0103r\u0103sit recent Penitenciarul de femei T\u00e2rg\u0219or \u0219i se \u00eendreapt\u0103 acum spre Penitenciarul G\u0103e\u0219ti. \u00cen mod probabil, dac\u0103 situa\u021bia o permite \u0219i nu se \u00eentunec\u0103, va ajunge \u0219i la Penitenciarul Mioveni.<\/p>\n\n\n\n<p class=\"has-black-color has-text-color\">Av\u00e2nd \u00een vedere c\u0103 acesta este primul penitenciar vizitat \u0219i \u021bin\u00e2nd cont de obiectivul de a crea o impresie pozitiv\u0103 pentru o prim\u0103 vizit\u0103 de acest fel, noi o s\u0103 ne asigur\u0103m c\u0103 lucrurile sunt prezentate \u00een cel mai bun mod posibil.<\/p>\n\n\n\n<p class=\"has-black-color has-text-color\">Studiile au demonstrat c\u0103 prima impresie este generat\u0103 de func\u021biile primare ale creierului, care determin\u0103 o reac\u021bie rapid\u0103 \u0219i primitiv\u0103. Prin urmare, am decis s\u0103 evit\u0103m orice aspect care ar putea genera o reac\u021bie negativ\u0103 sau o percep\u021bie gre\u0219it\u0103 despre capacitatea poli\u021bi\u0219tilor din penitenciare de a se prezenta.<\/p>\n\n\n\n<p class=\"has-black-color has-text-color\">\u00cen acest sens, Penitenciarul Mioveni a demarat rapid un proces de cur\u0103\u021benie general\u0103, concentr\u00e2ndu-\u0219i eforturile pentru a crea un mediu c\u00e2t mai pl\u0103cut, care s\u0103 genereze o senza\u021bie acceptabil\u0103 de satisfac\u021bie.<\/p>\n\n\n\n<p class=\"has-black-color has-text-color\">Tot \u00een data de 07.07.2023, la ora 11:00, la Curtea de Apel Pite\u0219ti, va avea loc o \u00eent\u00e2lnire \u00eentre reprezentan\u021bii circumscrip\u021biei teritoriale a Cur\u021bii de Apel Pite\u0219ti \u0219i doamna Alina Gorghiu pentru a discuta aspectele problematice identificate \u00een activitatea instan\u021belor judec\u0103tore\u0219ti.<\/p>\n\n\n\n<p class=\"has-black-color has-text-color\">Totodat\u0103, suntem convin\u0219i c\u0103 aceste vizite nu sunt doar simple plimb\u0103ri \u0219i c\u0103 vor rezulta m\u0103suri concrete \u00een urma vizitelor care vor avea loc la Penitenciarul Mioveni.<\/p>\n\n\n\n<p><\/p>\n","protected":false},"excerpt":{"rendered":"<p>Ministra Justi\u021biei se \u021bine de cuv\u00e2nt \u0219i viziteaz\u0103 primul penitenciar \u00een mandatul s\u0103u actual. Ministrul Justi\u021biei, Alina Gorghiu, efectueaz\u0103 o vizit\u0103 la Penitenciarul Mioveni \u0219i la instan\u021bele de judecat\u0103 din circumscrip\u021bia teritorial\u0103 a Cur\u021bii de Apel Pite\u0219ti. A\u0219a cum a afirmat \u00een declara\u021biile sale publice, doamna Alina Gorghiu sose\u0219te la Penitenciarul Mioveni vineri, 07.07.2023. \u00cencep\u00e2nd [&hellip;]<\/p>\n","protected":false},"author":1,"featured_media":400,"comment_status":"closed","ping_status":"closed","sticky":false,"template":"","format":"standard","meta":{"_jetpack_memberships_contains_paid_content":false,"footnotes":"","jetpack_publicize_message":"","jetpack_publicize_feature_enabled":true,"jetpack_social_post_already_shared":true,"jetpack_social_options":{"image_generator_settings":{"template":"highway","enabled":false},"version":2}},"categories":[1],"tags":[],"class_list":["post-398","post","type-post","status-publish","format-standard","has-post-thumbnail","hentry","category-penitenciare"],"jetpack_publicize_connections":[],"jetpack_featured_media_url":"https:\/\/pmioveni.ro\/wp-content\/uploads\/2023\/07\/Alina-Gorghiu-1.jpg","jetpack_sharing_enabled":true,"_links":{"self":[{"href":"https:\/\/pmioveni.ro\/index.php\/wp-json\/wp\/v2\/posts\/398","targetHints":{"allow":["GET"]}}],"collection":[{"href":"https:\/\/pmioveni.ro\/index.php\/wp-json\/wp\/v2\/posts"}],"about":[{"href":"https:\/\/pmioveni.ro\/index.php\/wp-json\/wp\/v2\/types\/post"}],"author":[{"embeddable":true,"href":"https:\/\/pmioveni.ro\/index.php\/wp-json\/wp\/v2\/users\/1"}],"replies":[{"embeddable":true,"href":"https:\/\/pmioveni.ro\/index.php\/wp-json\/wp\/v2\/comments?post=398"}],"version-history":[{"count":1,"href":"https:\/\/pmioveni.ro\/index.php\/wp-json\/wp\/v2\/posts\/398\/revisions"}],"predecessor-version":[{"id":401,"href":"https:\/\/pmioveni.ro\/index.php\/wp-json\/wp\/v2\/posts\/398\/revisions\/401"}],"wp:featuredmedia":[{"embeddable":true,"href":"https:\/\/pmioveni.ro\/index.php\/wp-json\/wp\/v2\/media\/400"}],"wp:attachment":[{"href":"https:\/\/pmioveni.ro\/index.php\/wp-json\/wp\/v2\/media?parent=398"}],"wp:term":[{"taxonomy":"category","embeddable":true,"href":"https:\/\/pmioveni.ro\/index.php\/wp-json\/wp\/v2\/categories?post=398"},{"taxonomy":"post_tag","embeddable":true,"href":"https:\/\/pmioveni.ro\/index.php\/wp-json\/wp\/v2\/tags?post=398"}],"curies":[{"name":"wp","href":"https:\/\/api.w.org\/{rel}","templated":true}]}}