{"id":420,"date":"2023-07-06T21:10:34","date_gmt":"2023-07-06T18:10:34","guid":{"rendered":"https:\/\/pmioveni.ro\/?p=420"},"modified":"2023-07-06T21:20:04","modified_gmt":"2023-07-06T18:20:04","slug":"vizita-ministeriala-si-deciziile-cheie-la-sedinta-administratiei-nationale-a-penitenciarelor","status":"publish","type":"post","link":"https:\/\/pmioveni.ro\/index.php\/2023\/07\/06\/vizita-ministeriala-si-deciziile-cheie-la-sedinta-administratiei-nationale-a-penitenciarelor\/","title":{"rendered":"Vizita ministerial\u0103 \u0219i deciziile cheie la \u0219edin\u021ba Administra\u021biei Na\u021bionale a Penitenciarelor"},"content":{"rendered":"\n<p class=\"has-black-color has-text-color\">\u00cen data de 06-07-2023, la nivelul Administra\u021biei Na\u021bionale a Penitenciarelor, a avut loc <strong><u>o \u0219edin\u021b\u0103<\/u><\/strong> de organizare cu federa\u021biile reprezentative ale sistemului penitenciar.<\/p>\n\n\n\n<p class=\"has-black-color has-text-color\">Din cadrul subiectelor dezb\u0103tute, au rezultat urm\u0103toarele:<\/p>\n\n\n\n<p class=\"has-black-color has-text-color\">Penitenciarul Rahova are nevoie urgent\u0103 de personal, iar ace\u0219tia fac un apel c\u0103tre toate unit\u0103\u021bile penitenciare pentru suport \u0219i ajutor.<\/p>\n\n\n\n<p class=\"has-black-color has-text-color\">Pentru a rezolva situa\u021bia \u0219i a decongestiona activit\u0103\u021bile productive pe care le-au asumat ca unitate, se va proceda la deta\u0219area a 4 agen\u021bi din cadrul Penitenciarului Jilava, pentru o perioad\u0103 de o lun\u0103.<\/p>\n\n\n\n<p class=\"has-black-color has-text-color\">Dup\u0103 perioada asigurat\u0103 cu suportul Penitenciarului Jilava, fiecare unitate penitenciar\u0103 cu personal suplimentar pe statul de organizare <em><u>va nominaliza c\u00e2te 4 poli\u021bi\u0219ti de penitenciare<\/u><\/em>, \u00eentr-un proces rotativ de o lun\u0103.<\/p>\n\n\n\n<p class=\"has-black-color has-text-color\">Pentru <strong><em>a evita o nominalizare for\u021bat\u0103 a personalului<\/em><\/strong> prin deta\u0219are, organiza\u021biile sindicale au solicitat realizarea unor adrese de sprijin c\u0103tre unit\u0103\u021bi. Or, identificarea poli\u021bi\u0219tilor de penitenciare care sunt dornici s\u0103 ajung\u0103 \u00een Bucure\u0219ti \u0219i s\u0103 se ia \u00een considerare personalul care a depus cerere de mutare la actuala procedur\u0103 de transfer, <strong><em>\u00een vederea evit\u0103rii unei h\u0103r\u021buiri mascate a subordona\u021bilor.<\/em><\/strong><\/p>\n\n\n\n<p class=\"has-black-color has-text-color\">Referitor la aceste solicit\u0103ri, din inform\u0103rile oficiale comunicate, nu s-a luat \u00eenc\u0103 o decizie cu privire la situa\u021bie, dar cu siguran\u021b\u0103 se va evita forma mascat\u0103 a abuzului \u0219i <strong>se va \u00eencerca un proces de selec\u021bie bazat pe manifestarea de voin\u021b\u0103.<\/strong><\/p>\n\n\n\n<p class=\"has-black-color has-text-color\">O alt\u0103 situa\u021bie dezb\u0103tut\u0103 <strong><em><u>a vizat modificarea Legii nr. 145\/2019<\/u><\/em><\/strong> privind statutul poli\u021bi\u0219tilor de penitenciare \u00een procesul de imputare instaurat \u00een <strong><em>r\u0103spunderea patrimonial\u0103<\/em><\/strong> a poli\u021bi\u0219tilor de penitenciar.<\/p>\n\n\n\n<p class=\"has-black-color has-text-color\">Datorit\u0103 Deciziei 649 din 15 decembrie 2022, prin care Curtea Constitu\u021bional\u0103 a Rom\u00e2niei a declarat neconstitu\u021bionale prevederile normelor de emitere a deciziei de imputare emis\u0103 de angajator \u0219i a concluzionat necesitatea ca r\u0103spunderea patrimonial\u0103 pentru daune <em>s\u0103 fie stabilit\u0103 de instan\u021ba de judecat\u0103<\/em>, s-a identificat o similitudine \u00eentre aspectele din lege \u0219i statutul nostru.<\/p>\n\n\n\n<p class=\"has-black-color has-text-color\">\u00cen cadrul \u0219edin\u021bei, s-a adus la cuno\u0219tin\u021b\u0103 faptul c\u0103 Ministerul Justi\u021biei a trimis o form\u0103 pe care dore\u0219te s\u0103 o modifice, cu un termen extrem de scurt pentru analiz\u0103.<\/p>\n\n\n\n<p class=\"has-black-color has-text-color\">\u00cen\u021belegem c\u0103 textul este propus de Ministerul Justi\u021biei \u0219i este \u00een acord cu considerentele deciziei Cur\u021bii Constitu\u021bionale.<\/p>\n\n\n\n<p class=\"has-black-color has-text-color\">Cu toate acestea, p\u00e2n\u0103 \u00een prezent, organiza\u021bia noastr\u0103 sindical\u0103 <strong><em>nu a primit nicio form\u0103 a textului<\/em><\/strong> \u0219i, deci, nu v\u0103 putem spune dac\u0103 propunerea este \u00een acord cu decizia.<\/p>\n\n\n\n<p class=\"has-black-color has-text-color\">Mai mult, \u00een\u021belegem c\u0103 va avea loc \u0219i <strong><em>o modificare semnificativ\u0103 \u00een procesul comisiilor de disciplin\u0103<\/em><\/strong> de la nivelul sistemului penitenciar.<\/p>\n\n\n\n<p class=\"has-black-color has-text-color\">Deoarece situa\u021bia permite \u0219i sistemul dore\u0219te s\u0103 abordeze \u00eentr-un mod nou comisiile de disciplin\u0103, <strong><em><u>dorim s\u0103 se \u021bin\u0103 cont de dou\u0103 aspecte esen\u021biale<\/u><\/em><\/strong>:<\/p>\n\n\n\n<p class=\"has-black-color has-text-color\"><em>a) <u>Mustrarea scris\u0103 s\u0103 nu mai afecteze drepturile salariale<\/u>, fiind o sanc\u021biune f\u0103r\u0103 caracter pecuniar, iar scopul stabilit de legiuitor este de a avertiza c\u0103 \u00een viitor pot exista alte consecin\u021be;<\/em><\/p>\n\n\n\n<p class=\"has-black-color has-text-color\"><em>b) Persoana \u00eenvinuit\u0103 \u00een cadrul procedurii, fie disciplinar\u0103 sau patrimonial\u0103, <u>s\u0103 fie informat\u0103 \u0219i s\u0103 aib\u0103 posibilitatea de a participa<\/u> la toate etapele procesului care vizeaz\u0103 situa\u021bia sa.<\/em><\/p>\n\n\n\n<p class=\"has-black-color has-text-color\">Din informa\u021biile comunicate, \u00een\u021belegem c\u0103 va fi constituit un grup de lucru pe data de 12-07-2023, iar demersul va fi realizat \u00eentr-o colaborare \u00eentre sindicate \u0219i angajator.<\/p>\n\n\n\n<p class=\"has-black-color has-text-color\">O alt\u0103 problem\u0103 ridicat\u0103 a vizat faptul c\u0103, <strong><em>\u00een unit\u0103\u021bile penitenciare, nicio adres\u0103<\/em><\/strong> trimis\u0103 de ANP <strong><em><u>nu este redirec\u021bionat\u0103 c\u0103tre organiza\u021biile sindicale<\/u><\/em><\/strong>.<\/p>\n\n\n\n<p class=\"has-black-color has-text-color\">Din p\u0103cate, managementul penitenciar manifest\u0103 o reticen\u021b\u0103 exagerat\u0103 \u00een ceea ce prive\u0219te transparen\u021ba informa\u021biilor publice \u0219i impactul acestora asupra personalului.<\/p>\n\n\n\n<p class=\"has-black-color has-text-color\">Potrivit informa\u021biilor primite de la organiza\u021biile federative reprezentative, <em>la nivel teritorial, num\u0103rul adreselor primite \u0219i redirec\u021bionate c\u0103tre organiza\u021biile sindicale a ajuns s\u0103 fie aproape inexistent.<\/em><\/p>\n\n\n\n<p class=\"has-black-color has-text-color\">Prin urmare, \u00een\u021belegem c\u0103 aceast\u0103 situa\u021bie este regretabil\u0103, iar procesul de informare va fi modificat. <em>Directorii de penitenciare o s\u0103 procedeze la o consultare real\u0103 cu organiza\u021biile sindicale.<\/em><\/p>\n\n\n\n<p class=\"has-black-color has-text-color\">Au mai fost prezentate <strong><u>c\u00e2teva probleme punctuale:<\/u><\/strong><\/p>\n\n\n\n<p class=\"has-black-color has-text-color\"><em>Penitenciarele oltene\u0219ti (Craiova, Pelendava \u0219i CD) nu sunt de acord cu privire la sus\u021binerea escortelor de prezentare a de\u021binu\u021bilor &#8211; <u>solu\u021bia: se va realiza o analiz\u0103;<\/u><\/em><\/p>\n\n\n\n<p class=\"has-black-color has-text-color\">La Penitenciarul Bac\u0103u exist\u0103 probleme cu personalul &#8211; <em><u>solu\u021bia: se va realiza o analiz\u0103;<\/u><\/em><\/p>\n\n\n\n<p class=\"has-black-color has-text-color\">La Penitenciarul Severin exist\u0103 o situa\u021bie de conflict &#8211; <em><u>solu\u021bia: se va realiza o analiz\u0103.<\/u><\/em><\/p>\n\n\n\n<p class=\"has-black-color has-text-color\"><em>Concluzia general\u0103: <strong>Nu s-au tras concluzii<\/strong>; <u>Vor fi efectuate analize!<\/u><\/em><\/p>\n\n\n\n<p class=\"has-black-color has-text-color\">Totodat\u0103, organiza\u021biile federative au fost informate c\u0103 exist\u0103 sprijin politic pentru deblocarea a 100 de posturi \u00een sectorul operativ.<\/p>\n\n\n\n<p class=\"has-black-color has-text-color\"><em>Detaliile privind sprijinul politic nu sunt men\u021bionate, dar se presupune c\u0103 se refer\u0103 la sprijinul politic al alian\u021bei de coali\u021bie aflat\u0103 la putere.<\/em><\/p>\n\n\n\n<p class=\"has-black-color has-text-color\">S-a men\u021bionat c\u0103 exist\u0103 un angajament politic pentru deblocarea sporurilor \u00eencep\u00e2nd cu data de 01-07-2023.<\/p>\n\n\n\n<p class=\"has-black-color has-text-color\">Dar, cu toate acestea, conform informa\u021biilor comunicate de ANP, organiza\u021biile federative au fost informate c\u0103 nu exist\u0103 un act normativ publicat \u00een acest sens, iar coali\u021bia nu \u0219i-a respectat angajamentul politic.<\/p>\n\n\n\n<p class=\"has-black-color has-text-color\"><em>Dup\u0103 ce se trezesc din \u0219ocul informa\u021biei \u0219i v\u0103z\u00e2nd faptul c\u0103 angajamentul politic nu a fost asumat, probabil c\u0103 organiza\u021biile federative o s\u0103 reac\u021bioneze.<\/em><\/p>\n\n\n\n<p class=\"has-black-color has-text-color\">De asemenea, directorul general al Administra\u021biei Na\u021bionale a Penitenciarelor, domnul Halchin Dan, a informat c\u0103, ieri, 05-07-2023, s-a deplasat \u00een <em><u>Penitenciarul T\u00e2rg\u0219or pentru a verifica extinderea spa\u021biilor<\/u><\/em> de cazare \u0219i a constatat c\u0103 infrastructura \u0219i spa\u021biile pentru personal nu permit construc\u021bia containerelor modulare.<\/p>\n\n\n\n<p class=\"has-black-color has-text-color\">De asemenea, a mai men\u021bionat c\u0103 <em><u>a efectuat o vizit\u0103 la Penitenciarul G\u0103e\u0219ti<\/u><\/em>, unde a constatat \u00eent\u00e2rzieri \u00een ceea ce prive\u0219te investi\u021biile.<\/p>\n\n\n\n<p class=\"has-black-color has-text-color\">Totodat\u0103, s-a comunicat c\u0103 m\u00e2ine, 07-07-2023, va avea loc o vizit\u0103 a ministrului justi\u021biei la Penitenciarul Mioveni.<\/p>\n\n\n\n<p class=\"has-black-color has-text-color\">Pentru ziua de m\u00e2ine, ini\u021bial, la nivel zvonistic, se vehicula ideea c\u0103 domnul Dan Halchin va vizita, \u00eempreun\u0103 cu domnul Bogdan Ilea, Penitenciarul Aiud.<\/p>\n\n\n\n<p class=\"has-black-color has-text-color\">\u00cens\u0103, \u021bin\u00e2nd cont de situa\u021bia dat\u0103, se pare c\u0103 \u0219i-a recalibrat traseul \u0219i va veni \u0219i domnia sa m\u00e2ine la Penitenciarul Mioveni.<\/p>\n\n\n\n<p class=\"has-black-color has-text-color\"><em>Informa\u021biile sunt neclare<\/em>, dar pentru c\u0103 m\u00e2ine se anun\u021b\u0103 o zi unic\u0103, iar <em>Penitenciarul Mioveni va cunoa\u0219te pentru prima dat\u0103 \u00een istoria sa o vizit\u0103 de acest calibru, <strong><u>noi o s\u0103 fim acolo \u0219i sper\u0103m s\u0103 nu dezam\u0103gim.<\/u><\/strong><\/em><\/p>\n\n\n\n<p class=\"has-black-color has-text-color\">Nu am avut pl\u0103cerea de a ne cunoa\u0219te cu echipa trimis\u0103 de ANP pentru supravegherea \u0219i coordonarea penitenciarului \u00een aceste zile, dar, din cele auzite, la plecare, <em>p\u0103reau convin\u0219i<\/em> de imaginea \u0219i dezvoltarea evolutiv\u0103 a Penitenciarului Mioveni.<\/p>\n\n\n\n<p class=\"has-black-color has-text-color\">Din p\u0103cate, o mare parte din func\u021biile de conducere sunt \u00een concediu de odihn\u0103, \u00een recuperare, \u00een medical sau \u00eentr-o alt\u0103 form\u0103 de r\u0103sp\u00e2ndire, dar suntem convin\u0219i c\u0103, <em>dac\u0103 situa\u021bia va permite<\/em>, o parte <em><u>va \u00eencerca s\u0103 participe<\/u><\/em> la acest moment.<\/p>\n\n\n\n<p class=\"has-black-color has-text-color\"><em>A\u0219tept\u0103m cu poarta \u00eenchis\u0103 (conform legisla\u021biei), dar cu bra\u021bele deschise \u0219i inima cald\u0103.<\/em><\/p>\n","protected":false},"excerpt":{"rendered":"<p>\u00cen data de 06-07-2023, la nivelul Administra\u021biei Na\u021bionale a Penitenciarelor, a avut loc o \u0219edin\u021b\u0103 de organizare cu federa\u021biile reprezentative ale sistemului penitenciar. Din cadrul subiectelor dezb\u0103tute, au rezultat urm\u0103toarele: Penitenciarul Rahova are nevoie urgent\u0103 de personal, iar ace\u0219tia fac un apel c\u0103tre toate unit\u0103\u021bile penitenciare pentru suport \u0219i ajutor. Pentru a rezolva situa\u021bia \u0219i [&hellip;]<\/p>\n","protected":false},"author":1,"featured_media":424,"comment_status":"closed","ping_status":"closed","sticky":false,"template":"","format":"standard","meta":{"_jetpack_memberships_contains_paid_content":false,"footnotes":"","jetpack_publicize_message":"","jetpack_publicize_feature_enabled":true,"jetpack_social_post_already_shared":true,"jetpack_social_options":{"image_generator_settings":{"template":"highway","enabled":false},"version":2}},"categories":[1],"tags":[],"class_list":["post-420","post","type-post","status-publish","format-standard","has-post-thumbnail","hentry","category-penitenciare"],"jetpack_publicize_connections":[],"jetpack_featured_media_url":"https:\/\/pmioveni.ro\/wp-content\/uploads\/2023\/07\/img.jpg","jetpack_sharing_enabled":true,"_links":{"self":[{"href":"https:\/\/pmioveni.ro\/index.php\/wp-json\/wp\/v2\/posts\/420","targetHints":{"allow":["GET"]}}],"collection":[{"href":"https:\/\/pmioveni.ro\/index.php\/wp-json\/wp\/v2\/posts"}],"about":[{"href":"https:\/\/pmioveni.ro\/index.php\/wp-json\/wp\/v2\/types\/post"}],"author":[{"embeddable":true,"href":"https:\/\/pmioveni.ro\/index.php\/wp-json\/wp\/v2\/users\/1"}],"replies":[{"embeddable":true,"href":"https:\/\/pmioveni.ro\/index.php\/wp-json\/wp\/v2\/comments?post=420"}],"version-history":[{"count":4,"href":"https:\/\/pmioveni.ro\/index.php\/wp-json\/wp\/v2\/posts\/420\/revisions"}],"predecessor-version":[{"id":426,"href":"https:\/\/pmioveni.ro\/index.php\/wp-json\/wp\/v2\/posts\/420\/revisions\/426"}],"wp:featuredmedia":[{"embeddable":true,"href":"https:\/\/pmioveni.ro\/index.php\/wp-json\/wp\/v2\/media\/424"}],"wp:attachment":[{"href":"https:\/\/pmioveni.ro\/index.php\/wp-json\/wp\/v2\/media?parent=420"}],"wp:term":[{"taxonomy":"category","embeddable":true,"href":"https:\/\/pmioveni.ro\/index.php\/wp-json\/wp\/v2\/categories?post=420"},{"taxonomy":"post_tag","embeddable":true,"href":"https:\/\/pmioveni.ro\/index.php\/wp-json\/wp\/v2\/tags?post=420"}],"curies":[{"name":"wp","href":"https:\/\/api.w.org\/{rel}","templated":true}]}}