{"id":428,"date":"2023-07-07T22:00:28","date_gmt":"2023-07-07T19:00:28","guid":{"rendered":"https:\/\/pmioveni.ro\/?p=428"},"modified":"2023-07-07T22:00:28","modified_gmt":"2023-07-07T19:00:28","slug":"vizite-de-onoare-in-penitenciarul-mioveni","status":"publish","type":"post","link":"https:\/\/pmioveni.ro\/index.php\/2023\/07\/07\/vizite-de-onoare-in-penitenciarul-mioveni\/","title":{"rendered":"Vizite de onoare \u00een Penitenciarul Mioveni"},"content":{"rendered":"\n<p class=\"has-black-color has-text-color\"><em>Ziua de 07.07.2023 a debutat cu o energie vibrant\u0103, iar Penitenciarul Mioveni a fost onorat de oaspe\u021bi distin\u0219i.<\/em><\/p>\n\n\n\n<p class=\"has-black-color has-text-color\"><em>Ofi\u021berii desemna\u021bi din aparatul central s\u0103 coordoneze activit\u0103\u021bile au fost primii care au ajuns \u00een unitate, fiind urma\u021bi, \u00een timpuri diferite, de reprezentan\u021bii Administra\u021biei Na\u021bionale a Penitenciarelor.<\/em><\/p>\n\n\n\n<p class=\"has-black-color has-text-color\"><em>\u00cen jurul pr\u00e2nzului, domnul Halchin Dan \u0219i domnul P\u0103un Gabriel (directorul direc\u021biei siguran\u021ba de\u021binerii \u0219i regim penitenciar din aparatul central) au p\u0103\u0219it \u00een incinta unit\u0103\u021bii.<\/em><\/p>\n\n\n\n<p class=\"has-black-color has-text-color\"><em>Dup\u0103 \u0219edin\u021bele operative, a urmat un proces de informare cu privire la situa\u021biile din interiorul unit\u0103\u021bii.<\/em><\/p>\n\n\n\n<p class=\"has-black-color has-text-color\"><em>Mai t\u00e2rziu, am avut onoarea de a primi vizita ministrului justi\u021biei.<\/em><\/p>\n\n\n\n<p class=\"has-black-color has-text-color\"><em>\u00cen acest context, s-au inspectat spa\u021biile de cazare \u0219i condi\u021biile de munc\u0103 ale angaja\u021bilor, eviden\u021biindu-se problemele cu care ne confrunt\u0103m.<\/em><\/p>\n\n\n\n<p class=\"has-black-color has-text-color\"><em>Totodat\u0103, am fost informa\u021bi c\u0103 Memorandumul pentru deblocarea unor posturi din sistemul penitenciar a fost aprobat \u00een \u0219edin\u021ba de ast\u0103zi a Guvernului Rom\u00e2niei.<\/em><\/p>\n\n\n\n<p class=\"has-black-color has-text-color\"><em>Am oferit informa\u021bii semnificative \u0219i sper\u0103m c\u0103 oaspe\u021bii no\u0219tri au fost impresiona\u021bi de ceea ce au v\u0103zut \u00een Penitenciarul Mioveni.<\/em><\/p>\n\n\n\n<p class=\"has-black-color has-text-color\"><em>Suntem \u00eenc\u00e2nta\u021bi c\u0103 am avut oportunitatea de a prezenta \u0219i de a discuta despre problemele noastre sistemice \u0219i, \u00een acela\u0219i timp, dorim s\u0103 asigur\u0103m deschidere total\u0103 pentru dezvoltarea rela\u021biilor de colaborare.<\/em><\/p>\n\n\n\n<p><\/p>\n","protected":false},"excerpt":{"rendered":"<p>Ziua de 07.07.2023 a debutat cu o energie vibrant\u0103, iar Penitenciarul Mioveni a fost onorat de oaspe\u021bi distin\u0219i. Ofi\u021berii desemna\u021bi din aparatul central s\u0103 coordoneze activit\u0103\u021bile au fost primii care au ajuns \u00een unitate, fiind urma\u021bi, \u00een timpuri diferite, de reprezentan\u021bii Administra\u021biei Na\u021bionale a Penitenciarelor. \u00cen jurul pr\u00e2nzului, domnul Halchin Dan \u0219i domnul P\u0103un Gabriel [&hellip;]<\/p>\n","protected":false},"author":1,"featured_media":429,"comment_status":"open","ping_status":"open","sticky":false,"template":"","format":"standard","meta":{"_jetpack_memberships_contains_paid_content":false,"footnotes":"","jetpack_publicize_message":"","jetpack_publicize_feature_enabled":true,"jetpack_social_post_already_shared":true,"jetpack_social_options":{"image_generator_settings":{"template":"highway","enabled":false},"version":2}},"categories":[1],"tags":[],"class_list":["post-428","post","type-post","status-publish","format-standard","has-post-thumbnail","hentry","category-penitenciare"],"jetpack_publicize_connections":[],"jetpack_featured_media_url":"https:\/\/pmioveni.ro\/wp-content\/uploads\/2023\/07\/347556061_813338800143346_4838669467145666541_n.jpg","jetpack_sharing_enabled":true,"_links":{"self":[{"href":"https:\/\/pmioveni.ro\/index.php\/wp-json\/wp\/v2\/posts\/428","targetHints":{"allow":["GET"]}}],"collection":[{"href":"https:\/\/pmioveni.ro\/index.php\/wp-json\/wp\/v2\/posts"}],"about":[{"href":"https:\/\/pmioveni.ro\/index.php\/wp-json\/wp\/v2\/types\/post"}],"author":[{"embeddable":true,"href":"https:\/\/pmioveni.ro\/index.php\/wp-json\/wp\/v2\/users\/1"}],"replies":[{"embeddable":true,"href":"https:\/\/pmioveni.ro\/index.php\/wp-json\/wp\/v2\/comments?post=428"}],"version-history":[{"count":1,"href":"https:\/\/pmioveni.ro\/index.php\/wp-json\/wp\/v2\/posts\/428\/revisions"}],"predecessor-version":[{"id":430,"href":"https:\/\/pmioveni.ro\/index.php\/wp-json\/wp\/v2\/posts\/428\/revisions\/430"}],"wp:featuredmedia":[{"embeddable":true,"href":"https:\/\/pmioveni.ro\/index.php\/wp-json\/wp\/v2\/media\/429"}],"wp:attachment":[{"href":"https:\/\/pmioveni.ro\/index.php\/wp-json\/wp\/v2\/media?parent=428"}],"wp:term":[{"taxonomy":"category","embeddable":true,"href":"https:\/\/pmioveni.ro\/index.php\/wp-json\/wp\/v2\/categories?post=428"},{"taxonomy":"post_tag","embeddable":true,"href":"https:\/\/pmioveni.ro\/index.php\/wp-json\/wp\/v2\/tags?post=428"}],"curies":[{"name":"wp","href":"https:\/\/api.w.org\/{rel}","templated":true}]}}