{"id":432,"date":"2023-07-08T16:56:16","date_gmt":"2023-07-08T13:56:16","guid":{"rendered":"https:\/\/pmioveni.ro\/?p=432"},"modified":"2023-07-08T17:16:52","modified_gmt":"2023-07-08T14:16:52","slug":"432","status":"publish","type":"post","link":"https:\/\/pmioveni.ro\/index.php\/2023\/07\/08\/432\/","title":{"rendered":"Centru de concurs Penitenciarul Aiud: \u0219ef serviciu regim penitenciar"},"content":{"rendered":"\n<p class=\"has-black-color has-text-color\">Cu dificultate \u0219i cu unele probleme de organizare, am ajuns la concursul care se desf\u0103\u0219oar\u0103 la Penitenciarul Aiud pentru ocuparea a 49 de posturi de \u0219ef serviciu regim.<\/p>\n\n\n\n<p class=\"has-black-color has-text-color\">\u00cen realitate, conform planific\u0103rii \u0219i declara\u021biilor \u00eenregistrate, titulatura pentru cele 49 de posturi de \u0219ef serviciu penitenciar se refer\u0103, de fapt, la un total de 17 posturi pentru care se organizeaz\u0103 acest concurs.<\/p>\n\n\n\n<p class=\"has-black-color has-text-color\">Din cele 17 posturi de \u0219ef serviciu regim penitenciar, 16 sunt posturi de \u0219ef serviciu \u0219i unul este postul de \u0219ef birou.<\/p>\n\n\n\n<p class=\"has-black-color has-text-color\">Potrivit statisticilor, se \u0219tie c\u0103 72 de poli\u021bi\u0219ti de penitenciare au fost planifica\u021bi s\u0103 sus\u021bin\u0103 proba practic\u0103 de verificare a abilit\u0103\u021bilor de utilizare a calculatorului.<\/p>\n\n\n\n<p class=\"has-black-color has-text-color\">Dintre cei 72 de poli\u021bi\u0219ti de penitenciare, 16 nu s-au prezentat la prob\u0103 \u0219i au fost respin\u0219i de c\u0103tre comisie, \u00een timp ce, 56 de poli\u021bi\u0219ti de penitenciare r\u0103ma\u0219i au demonstrat competen\u021b\u0103 \u0219i au dep\u0103\u0219it baremele metodologice ale probei de concurs pentru proba pe calculator.<\/p>\n\n\n\n<p class=\"has-black-color has-text-color\">\u00cen prezent, pe strada Morii \u2013 Nr. 7, la Penitenciarul Aiud, se desf\u0103\u0219oar\u0103 proba interviului, conform metodologiei concursului.<\/p>\n\n\n\n<p class=\"has-black-color has-text-color\">Cu toate acestea, exist\u0103 \u00eenc\u0103 dificult\u0103\u021bi \u00een ceea ce prive\u0219te posibilitatea de a contesta aceast\u0103 prob\u0103.<\/p>\n\n\n\n<p class=\"has-black-color has-text-color\">Chestiunea contesta\u021biei la proba interviului a fost controversat\u0103 \u00een majoritatea categoriilor care beneficiaz\u0103 de un statut profesional diferit \u0219i mai pu\u021bin \u00een raport cu func\u021bionarii publici care apar\u021bin tipicit\u0103\u021bii. \u00cenc\u0103 din 1923, legisla\u021bia a reglementat posibilitatea contest\u0103rii \u00een anumite condi\u021bii specifice pentru func\u021bionarii publici.<\/p>\n\n\n\n<p class=\"has-black-color has-text-color\">Judec\u0103torii \u0219i procurorii au \u00eent\u00e2mpinat \u0219i ei unele probleme \u00een ceea ce prive\u0219te reglementarea posibilit\u0103\u021bii de a contesta proba interviului, \u00eens\u0103 ei au reu\u0219it s\u0103 rezolve chestiunea juridic\u0103.<\/p>\n\n\n\n<p class=\"has-black-color has-text-color\">De asemenea, prin aplicarea prevederilor Ordinului 140\/2016 (care nu sunt \u00een concordan\u021b\u0103 cu prevederile Legii nr. 360\/2002 privind statutul poli\u021bi\u0219tilor), se stipula ini\u021bial imposibilitatea de a contesta proba interviului.<\/p>\n\n\n\n<p class=\"has-black-color has-text-color\">\u00cenalta Curtea de Casa\u021bie \u0219i Justi\u021bie (\u00ceCCJ) a anulat aceste prevederi contradictorii \u0219i a stabilit c\u0103 un poli\u021bist va avea chiar dreptul la desp\u0103gubiri morale pentru imposibilitatea de a contesta proba interviului.<\/p>\n\n\n\n<p class=\"has-black-color has-text-color\">Prin sentin\u021ba civil\u0103 317 din 06 decembrie 2021, care a r\u0103mas definitiv\u0103 prin decizia pronun\u021bat\u0103 de \u00ceCCJ la 8 iunie 2023, poli\u021bi\u0219tii au rezolvat problema contesta\u021biei la proba interviului.<\/p>\n\n\n\n<p class=\"has-black-color has-text-color\">Este posibil ca sistemul penitenciar s\u0103 \u00eent\u00e2mpine dificult\u0103\u021bi majore \u00een modificarea legisla\u021biei \u00een ceea ce prive\u0219te posibilitatea de a depune contesta\u021bii la proba interviului \u0219i, cu siguran\u021b\u0103, procesul exprim\u0103rii opiniilor \u00een cadrul acestei probe va r\u0103m\u00e2ne \u00eentr-o mare m\u0103sur\u0103 sub imperiul adev\u0103rului absolut, f\u0103r\u0103 posibilitatea de a fi verificate \u0219i contestate.<\/p>\n\n\n\n<p class=\"has-black-color has-text-color\">Ast\u0103zi, \u00een calitate de observator sindical desemnat de c\u0103tre Federa\u021bia Poli\u021bi\u0219tilor de Penitenciare, am avut ocazia de a participa la concursul organizat \u00een Penitenciarul Aiud, conform legisla\u021biei care prevede transparen\u021ba \u0219i monitorizarea politicilor de coeziune economic\u0103 \u0219i stabilitate social\u0103.<\/p>\n\n\n\n<p class=\"has-black-color has-text-color\">\u00cen mod normal, chestiunile privind lucr\u0103rile comisiei r\u0103m\u00e2n confiden\u021biale \u0219i nu sunt f\u0103cute publice.<\/p>\n\n\n\n<p class=\"has-black-color has-text-color\">Totu\u0219i, \u00eentruc\u00e2t fiecare persoan\u0103 are propriile interpret\u0103ri juridice \u0219i opinii, p\u00e2n\u0103 la o eventual\u0103 revizuire a metodologiei, dorim s\u0103 atragem aten\u021bia tuturor pre\u0219edin\u021bilor de comisii c\u0103 <em><strong>orice interven\u021bie<\/strong><\/em> din partea autorit\u0103\u021bii publice care <strong><em>limiteaz\u0103 sau \u00eempiedic\u0103<\/em><\/strong> exercitarea drepturilor \u0219i libert\u0103\u021bilor sindicale este sanc\u021bionabil\u0103 \u0219i nu trebuie s\u0103 aib\u0103 loc. Introducerea unor m\u0103suri ira\u021bionale \u0219i f\u0103r\u0103 temei juridic <strong><em>afecteaz\u0103 dreptul sindical.<\/em><\/strong><\/p>\n\n\n\n<p class=\"has-black-color has-text-color\">Suntem convin\u0219i c\u0103 invitatul, \u00een calitate de persoan\u0103 invitat\u0103 s\u0103 participe undeva, beneficiaz\u0103 de un tratament preferen\u021bial \u0219i prime\u0219te \u00eentreaga simpatie \u0219i admira\u021bie din partea gazdelor.<\/p>\n\n\n\n<p class=\"has-black-color has-text-color\">Din respect pentru proverbul &#8222;<em>Vizitele scurte sunt cele mai bune<\/em>&#8222;, nu vom sta mai mult dec\u00e2t este necesar, iar la final, \u00een mod adecvat, \u00eel invit\u0103m pe gazd\u0103 s\u0103 devin\u0103 invitat.<\/p>\n","protected":false},"excerpt":{"rendered":"<p>Cu dificultate \u0219i cu unele probleme de organizare, am ajuns la concursul care se desf\u0103\u0219oar\u0103 la Penitenciarul Aiud pentru ocuparea a 49 de posturi de \u0219ef serviciu regim. \u00cen realitate, conform planific\u0103rii \u0219i declara\u021biilor \u00eenregistrate, titulatura pentru cele 49 de posturi de \u0219ef serviciu penitenciar se refer\u0103, de fapt, la un total de 17 posturi [&hellip;]<\/p>\n","protected":false},"author":1,"featured_media":435,"comment_status":"closed","ping_status":"closed","sticky":false,"template":"","format":"standard","meta":{"_jetpack_memberships_contains_paid_content":false,"footnotes":"","jetpack_publicize_message":"","jetpack_publicize_feature_enabled":true,"jetpack_social_post_already_shared":true,"jetpack_social_options":{"image_generator_settings":{"template":"highway","enabled":false},"version":2}},"categories":[1],"tags":[],"class_list":["post-432","post","type-post","status-publish","format-standard","has-post-thumbnail","hentry","category-penitenciare"],"jetpack_publicize_connections":[],"jetpack_featured_media_url":"https:\/\/pmioveni.ro\/wp-content\/uploads\/2023\/07\/covoras-intrare-de-interior-welcome-goodbye_01665572025_s.jpg","jetpack_sharing_enabled":true,"_links":{"self":[{"href":"https:\/\/pmioveni.ro\/index.php\/wp-json\/wp\/v2\/posts\/432","targetHints":{"allow":["GET"]}}],"collection":[{"href":"https:\/\/pmioveni.ro\/index.php\/wp-json\/wp\/v2\/posts"}],"about":[{"href":"https:\/\/pmioveni.ro\/index.php\/wp-json\/wp\/v2\/types\/post"}],"author":[{"embeddable":true,"href":"https:\/\/pmioveni.ro\/index.php\/wp-json\/wp\/v2\/users\/1"}],"replies":[{"embeddable":true,"href":"https:\/\/pmioveni.ro\/index.php\/wp-json\/wp\/v2\/comments?post=432"}],"version-history":[{"count":3,"href":"https:\/\/pmioveni.ro\/index.php\/wp-json\/wp\/v2\/posts\/432\/revisions"}],"predecessor-version":[{"id":438,"href":"https:\/\/pmioveni.ro\/index.php\/wp-json\/wp\/v2\/posts\/432\/revisions\/438"}],"wp:featuredmedia":[{"embeddable":true,"href":"https:\/\/pmioveni.ro\/index.php\/wp-json\/wp\/v2\/media\/435"}],"wp:attachment":[{"href":"https:\/\/pmioveni.ro\/index.php\/wp-json\/wp\/v2\/media?parent=432"}],"wp:term":[{"taxonomy":"category","embeddable":true,"href":"https:\/\/pmioveni.ro\/index.php\/wp-json\/wp\/v2\/categories?post=432"},{"taxonomy":"post_tag","embeddable":true,"href":"https:\/\/pmioveni.ro\/index.php\/wp-json\/wp\/v2\/tags?post=432"}],"curies":[{"name":"wp","href":"https:\/\/api.w.org\/{rel}","templated":true}]}}