{"id":462,"date":"2023-07-12T10:59:57","date_gmt":"2023-07-12T07:59:57","guid":{"rendered":"https:\/\/pmioveni.ro\/?p=462"},"modified":"2023-07-12T13:17:56","modified_gmt":"2023-07-12T10:17:56","slug":"detasarea-din-penitenciarul-mioveni-14-07-2023","status":"publish","type":"post","link":"https:\/\/pmioveni.ro\/index.php\/2023\/07\/12\/detasarea-din-penitenciarul-mioveni-14-07-2023\/","title":{"rendered":"Deta\u0219area din Penitenciarul Mioveni: 14.07.2023"},"content":{"rendered":"\n<p class=\"has-black-color has-text-color\">Penitenciarul Mioveni <em><strong>se num\u0103r\u0103 printre \u201dnoroco\u0219ii\u201d <\/strong><\/em>care trebuie s\u0103 sus\u021bin\u0103 activitatea la Penitenciarul Rahova pentru o lun\u0103, cu ajutorul a 4 poli\u021bi\u0219ti de penitenciare.<\/p>\n\n\n\n<p class=\"has-black-color has-text-color\">Pentru a efectua repara\u021bii, Penitenciarul Rahova are nevoie de poli\u021bi\u0219ti de penitenciare cu abilit\u0103\u021bi de supraveghere a lucr\u0103rilor de repara\u021bii.<\/p>\n\n\n\n<p class=\"has-black-color has-text-color\">La data de 06.07.2023, \u00een cadrul \u0219edin\u021bei consiliului de conducere al Administra\u021biei Na\u021bionale a Penitenciarelor s-a stabilit nevoia urgent\u0103 de personal \u00een cadrul acestei unit\u0103\u021bi \u0219i s-a hot\u0103r\u00e2t implementarea unui mecanism rotativ.<\/p>\n\n\n\n<p class=\"has-black-color has-text-color\"><strong><em>Mecanismul rotativ este implementat \u00een 4 unit\u0103\u021bi, pe o perioad\u0103 de 4 luni \u0219i implic\u0103 4 poli\u021bi\u0219ti de penitenciare din fiecare unitate.<\/em><\/strong><\/p>\n\n\n\n<p class=\"has-black-color has-text-color\"><em>Din punct de vedere numerologic, trebuie s\u0103 recunoa\u0219tem c\u0103 num\u0103rul 4 semnific\u0103 pace \u0219i echilibru, dar i se atribuie \u0219i semnifica\u021bia &#8222;mor\u021bii fizice&#8221;.<\/em><\/p>\n\n\n\n<p class=\"has-black-color has-text-color\">\u00cen realitate, decizia de a asigura personalul vizeaz\u0103 penitenciarele care au deja personal suficient \u00eencadrat pe posturi, astfel \u00eenc\u00e2t absen\u021ba lor s\u0103 nu afecteze \u00een mod semnificativ activitatea.<\/p>\n\n\n\n<p class=\"has-black-color has-text-color\">\u00cen cadrul \u0219edin\u021bei, organiza\u021biile sindicale au \u00eencercat s\u0103 identifice un echilibru \u00een situa\u021bia evit\u0103rii nominaliz\u0103rii for\u021bate a personalului \u0219i pentru a preveni h\u0103r\u021buirea subordona\u021bilor, propun\u00e2nd ca poli\u021bi\u0219tii s\u0103 fie selecta\u021bi dintre cei care \u0219i-au exprimat <em><u>inten\u021bia de a se muta \u00een capital\u0103<\/u><\/em> \u00een cadrul procedurii actuale de transfer.<\/p>\n\n\n\n<p class=\"has-black-color has-text-color\">\u00cen general, \u0219i \u00een prezent, exist\u0103 un num\u0103r mare de personal <em><u>care solicit\u0103 mutarea din capital\u0103<\/u><\/em> c\u0103tre unitatea noastr\u0103, \u00een timp ce num\u0103rul solicit\u0103rilor <strong><em><u>\u00een sens invers este foarte mic.<\/u><\/em><\/strong><\/p>\n\n\n\n<p class=\"has-black-color has-text-color\">\u00cen acest context, \u00een unitatea noastr\u0103 <strong><em>se caut\u0103 voluntari<\/em><\/strong> care s\u0103 fie deta\u0219a\u021bi \u00een capital\u0103 p\u00e2n\u0103 la <em>jum\u0103tatea lunii august.<\/em><\/p>\n\n\n\n<p class=\"has-black-color has-text-color\">Pentru poli\u021bi\u0219tii de penitenciare care beneficiaz\u0103 de decontarea chiriei sau ratei, situa\u021bia nu se va schimba, deoarece Penitenciarul Rahova va asigura cazare.<\/p>\n\n\n\n<p class=\"has-black-color has-text-color\">Pentru poli\u021bi\u0219tii de penitenciare care nu beneficiaz\u0103 de acest drept, se va asigura decontarea \u00een baza contractului \u00eencheiat \u00een municipiul Bucure\u0219ti sau, eventual, cazarea \u00een penitenciar.<\/p>\n\n\n\n<p class=\"has-black-color has-text-color\">Pentru prima deplasare \u0219i pentru \u00eentoarcerea \u00een unitate la finalizarea activit\u0103\u021bii, poli\u021bi\u0219tii de penitenciare vor beneficia <em><u>de decontarea transportului.<\/u><\/em><\/p>\n\n\n\n<p class=\"has-black-color has-text-color\"><em>La prima strigare, procesul este <strong><u>anun\u021bat ca fiind pe baz\u0103 de voluntariat.<\/u><\/strong><\/em><\/p>\n\n\n\n<p class=\"has-black-color has-text-color\">Cu toate acestea, situa\u021bia <em>trebuie rezolvat\u0103 rapid<\/em>, iar op\u021biunile de organizare sunt limitate \u0219i extrem de scurte, dar sper\u0103m <em><u>s\u0103 nu fie necesare nominaliz\u0103ri for\u021bate.<\/u><\/em><\/p>\n\n\n\n<p class=\"has-black-color has-text-color\"><em>La data de 13.07.2023, \u00een cadrul consiliului de conducere din Penitenciarul Mioveni va avea loc desemnarea personalului care va fi deta\u0219at pentru o lun\u0103 \u00een Penitenciarul Rahova.<\/em><\/p>\n\n\n\n<p><strong><em><span style=\"text-decoration: underline;\">Actualizare, ora 13:20: <\/span><\/em><\/strong><em>Prin intermediul invita\u021biei cu num\u0103rul 33706, datat\u0103 12 iulie 2023, suntem invita\u021bi s\u0103 particip\u0103m, la data de 13.07.2023, la o important\u0103 \u0219edin\u021b\u0103 (ad-hoc) a Consiliului de Conducere desf\u0103\u0219urat\u0103 \u00een cadrul Penitenciarului Mioveni.<\/em><\/p>\n\n\n\n<p><em>Aceast\u0103 \u00eentrunire vizeaz\u0103: adresa de deta\u0219are a patru poli\u021bi\u0219ti de penitenciare c\u0103tre Penitenciarul Bucure\u0219ti Rahova, tem\u0103 ce se reg\u0103se\u0219te pe ordinea de zi.<\/em><\/p>\n\n\n\n<p><em>Sper\u0103m s\u0103 ne bucur\u0103m de o dezbatere constructiv\u0103 \u0219i productiv\u0103, \u00een cadrul c\u0103reia s\u0103 contribuim la luarea deciziilor optime.<\/em><\/p>\n","protected":false},"excerpt":{"rendered":"<p>Penitenciarul Mioveni se num\u0103r\u0103 printre \u201dnoroco\u0219ii\u201d care trebuie s\u0103 sus\u021bin\u0103 activitatea la Penitenciarul Rahova pentru o lun\u0103, cu ajutorul a 4 poli\u021bi\u0219ti de penitenciare. Pentru a efectua repara\u021bii, Penitenciarul Rahova are nevoie de poli\u021bi\u0219ti de penitenciare cu abilit\u0103\u021bi de supraveghere a lucr\u0103rilor de repara\u021bii. La data de 06.07.2023, \u00een cadrul \u0219edin\u021bei consiliului de conducere al [&hellip;]<\/p>\n","protected":false},"author":1,"featured_media":463,"comment_status":"open","ping_status":"open","sticky":false,"template":"","format":"standard","meta":{"_jetpack_memberships_contains_paid_content":false,"footnotes":"","jetpack_publicize_message":"","jetpack_publicize_feature_enabled":true,"jetpack_social_post_already_shared":true,"jetpack_social_options":{"image_generator_settings":{"template":"highway","enabled":false},"version":2}},"categories":[1],"tags":[],"class_list":["post-462","post","type-post","status-publish","format-standard","has-post-thumbnail","hentry","category-penitenciare"],"jetpack_publicize_connections":[],"jetpack_featured_media_url":"https:\/\/pmioveni.ro\/wp-content\/uploads\/2023\/07\/Untitled.png","jetpack_sharing_enabled":true,"_links":{"self":[{"href":"https:\/\/pmioveni.ro\/index.php\/wp-json\/wp\/v2\/posts\/462","targetHints":{"allow":["GET"]}}],"collection":[{"href":"https:\/\/pmioveni.ro\/index.php\/wp-json\/wp\/v2\/posts"}],"about":[{"href":"https:\/\/pmioveni.ro\/index.php\/wp-json\/wp\/v2\/types\/post"}],"author":[{"embeddable":true,"href":"https:\/\/pmioveni.ro\/index.php\/wp-json\/wp\/v2\/users\/1"}],"replies":[{"embeddable":true,"href":"https:\/\/pmioveni.ro\/index.php\/wp-json\/wp\/v2\/comments?post=462"}],"version-history":[{"count":13,"href":"https:\/\/pmioveni.ro\/index.php\/wp-json\/wp\/v2\/posts\/462\/revisions"}],"predecessor-version":[{"id":476,"href":"https:\/\/pmioveni.ro\/index.php\/wp-json\/wp\/v2\/posts\/462\/revisions\/476"}],"wp:featuredmedia":[{"embeddable":true,"href":"https:\/\/pmioveni.ro\/index.php\/wp-json\/wp\/v2\/media\/463"}],"wp:attachment":[{"href":"https:\/\/pmioveni.ro\/index.php\/wp-json\/wp\/v2\/media?parent=462"}],"wp:term":[{"taxonomy":"category","embeddable":true,"href":"https:\/\/pmioveni.ro\/index.php\/wp-json\/wp\/v2\/categories?post=462"},{"taxonomy":"post_tag","embeddable":true,"href":"https:\/\/pmioveni.ro\/index.php\/wp-json\/wp\/v2\/tags?post=462"}],"curies":[{"name":"wp","href":"https:\/\/api.w.org\/{rel}","templated":true}]}}