{"id":482,"date":"2023-07-14T18:51:54","date_gmt":"2023-07-14T15:51:54","guid":{"rendered":"https:\/\/pmioveni.ro\/?p=482"},"modified":"2023-07-14T18:51:54","modified_gmt":"2023-07-14T15:51:54","slug":"gestionarea-orelor-suplimentare","status":"publish","type":"post","link":"https:\/\/pmioveni.ro\/index.php\/2023\/07\/14\/gestionarea-orelor-suplimentare\/","title":{"rendered":"Gestionarea orelor suplimentare"},"content":{"rendered":"\n<p class=\"has-black-color has-text-color\">\u00cen cadrul \u0219edin\u021bei Consiliului de Conducere din data de 14 iulie 2023, av\u00e2nd \u00een vedere ordinea de zi propus\u0103, am avut privilegiul de <strong><em>a analiza \u00een detaliu orele suplimentare<\/em><\/strong> efectuate \u00een fiecare compartiment.<\/p>\n\n\n\n<p class=\"has-black-color has-text-color\">Trimestrul al II-lea a adus cu sine <strong><em><u>o sc\u0103dere semnificativ\u0103<\/u><\/em><\/strong> fa\u021b\u0103 de trimestrul I al anului 2023.<\/p>\n\n\n\n<p class=\"has-black-color has-text-color\">\u00cen urma prezent\u0103rii realizate, am constatat c\u0103 s-au implementat <strong><em>m\u0103suri de compensare a orelor suplimentare<\/em><\/strong> prin acordarea unui timp liber corespunz\u0103tor, astfel \u00eenc\u00e2t s\u0103 nu fie afectat\u0103 desf\u0103\u0219urarea normal\u0103 a activit\u0103\u021bilor \u0219i s\u0103 nu se compromit\u0103 gradul de siguran\u021b\u0103 al misiunilor.<\/p>\n\n\n\n<p class=\"has-black-color has-text-color\">De asemenea, analiza a scos \u00een eviden\u021b\u0103 faptul c\u0103 num\u0103rul de ore suplimentare se men\u021bine datorit\u0103 situa\u021biilor operative \u0219i a misiunilor pe care le-am desf\u0103\u0219urat cu succes.<\/p>\n\n\n\n<p class=\"has-black-color has-text-color\">\u00cen ceea ce prive\u0219te <em>Direc\u021bia Siguran\u021bei De\u021binerii \u0219i Regimului Penitenciar<\/em>, suntem bucuro\u0219i s\u0103 anun\u021b\u0103m c\u0103 num\u0103rul de ore suplimentare <em>a \u00eenregistrat o sc\u0103dere de 3.029 de ore \u0219i 45 de minute<\/em>, \u00eens\u0103 r\u0103m\u00e2ne \u00een continuare semnificativ, <em><u>totaliz\u00e2nd 5.492 de ore \u0219i 25 de minute.<\/u><\/em><\/p>\n\n\n\n<p class=\"has-black-color has-text-color\">\u00cen celelalte sectoare, orele suplimentare se men\u021bin \u00eentr-o limit\u0103 relativ acceptabil\u0103, cu excep\u021bia unei <em><u>cre\u0219teri semnificative \u00een cadrul sectorului economico-administrativ<\/u><\/em>.<\/p>\n\n\n\n<p class=\"has-black-color has-text-color\">Dar, av\u00e2nd \u00een vedere volumul impresionant de lucr\u0103ri \u0219i activit\u0103\u021bi desf\u0103\u0219urate \u00een Penitenciarul Mioveni, suntem convin\u0219i c\u0103 num\u0103rul de ore suplimentare din sectorul economic (521 de ore suplimentare) poate fi compensat \u0219i redus prin planificarea atent\u0103 a activit\u0103\u021bilor, f\u0103r\u0103 a afecta procesul de \u00eembun\u0103t\u0103\u021bire.<\/p>\n\n\n\n<p class=\"has-black-color has-text-color\">Pentru trimestrul urm\u0103tor, \u00een contextul concediilor de var\u0103, <strong><em>estim\u0103m o cre\u0219tere<\/em><\/strong> a num\u0103rului de ore suplimentare, \u00eens\u0103 trebuie s\u0103 fim con\u0219tien\u021bi c\u0103 <em>avantajele ob\u021binute \u00een acest trimestru vor avea un impact negativ propor\u021bional.<\/em><\/p>\n\n\n\n<p class=\"has-black-color has-text-color\">\u00cen cadrul \u0219edin\u021bei am abordat \u0219i alte situa\u021bii operative care necesitau aten\u021bia Consiliului, identific\u00e2nd <em>solu\u021bii optime de rezolvare.<\/em><\/p>\n\n\n\n<p class=\"has-black-color has-text-color\">Am discutat despre proiec\u021bia bugetului, obiectivele probabile \u0219i am abordat inten\u021bia de modificare a statutului poli\u021bistului de penitenciar \u00een contextul legisla\u021biei actuale.<\/p>\n\n\n\n<p class=\"has-black-color has-text-color\"><em>\u00cen aceast\u0103 zi, atmosfera a fost mai lini\u0219tit\u0103, cu mai pu\u021bine \u0219edin\u021be \u0219i o organizare mai eficient\u0103.<\/em><\/p>\n\n\n\n<p class=\"has-black-color has-text-color\">De asemenea, ne bucur\u0103m s\u0103 anun\u021b\u0103m c\u0103 situa\u021bia misiunii din Penitenciarul Rahova s-a clarificat, iar poli\u021bi\u0219tii de penitenciare au fost informa\u021bi \u0219i sprijini\u021bi de \u00eentregul colectiv.<\/p>\n\n\n\n<p class=\"has-black-color has-text-color\">De asemenea, au fost publicate rezultatele interviului pentru cele dou\u0103 centre de concurs destinate ocup\u0103rii unor func\u021bii de conducere \u00een cadrul Direc\u021biei Siguran\u021ba De\u021binerii \u0219i Regim Penitenciar <em><u>(Aiud \u0219i Craiova).<\/u><\/em><\/p>\n\n\n\n<p class=\"has-black-color has-text-color\">\u00cen ambele centre, 80 de poli\u021bi\u0219ti de penitenciare au sus\u021binut interviul, iar 56,25% dintre ei au ob\u021binut calificativul &#8222;admis&#8221;.<\/p>\n\n\n\n<p class=\"has-black-color has-text-color\">\u00cen ceea ce prive\u0219te probele la care am fost prezen\u021bi, dorim s\u0103 men\u021bion\u0103m c\u0103 <strong><em>nivelul de dificultate a fost acceptabil<\/em><\/strong>, iar \u00eentreb\u0103rile au fost formulate \u00eentr-un <em>mod clar \u0219i f\u0103r\u0103 a pune participan\u021bii \u00eentr-o dificultate exagerat\u0103<\/em>.<\/p>\n\n\n\n<p class=\"has-black-color has-text-color\">Deoarece am ajuns la finalul etapelor de evaluare, le dorim tuturor participan\u021bilor care au r\u0103mas \u00een curs\u0103: <strong><em><u>mult succes \u0219i s\u0103 c\u00e2\u0219tige cel mai bun!<\/u><\/em><\/strong><\/p>\n","protected":false},"excerpt":{"rendered":"<p>\u00cen cadrul \u0219edin\u021bei Consiliului de Conducere din data de 14 iulie 2023, av\u00e2nd \u00een vedere ordinea de zi propus\u0103, am avut privilegiul de a analiza \u00een detaliu orele suplimentare efectuate \u00een fiecare compartiment. Trimestrul al II-lea a adus cu sine o sc\u0103dere semnificativ\u0103 fa\u021b\u0103 de trimestrul I al anului 2023. \u00cen urma prezent\u0103rii realizate, am [&hellip;]<\/p>\n","protected":false},"author":1,"featured_media":483,"comment_status":"closed","ping_status":"closed","sticky":false,"template":"","format":"standard","meta":{"_jetpack_memberships_contains_paid_content":false,"footnotes":"","jetpack_publicize_message":"","jetpack_publicize_feature_enabled":true,"jetpack_social_post_already_shared":true,"jetpack_social_options":{"image_generator_settings":{"template":"highway","enabled":false},"version":2}},"categories":[1],"tags":[],"class_list":["post-482","post","type-post","status-publish","format-standard","has-post-thumbnail","hentry","category-penitenciare"],"jetpack_publicize_connections":[],"jetpack_featured_media_url":"https:\/\/pmioveni.ro\/wp-content\/uploads\/2023\/07\/amazonsellercentral.jpg","jetpack_sharing_enabled":true,"_links":{"self":[{"href":"https:\/\/pmioveni.ro\/index.php\/wp-json\/wp\/v2\/posts\/482","targetHints":{"allow":["GET"]}}],"collection":[{"href":"https:\/\/pmioveni.ro\/index.php\/wp-json\/wp\/v2\/posts"}],"about":[{"href":"https:\/\/pmioveni.ro\/index.php\/wp-json\/wp\/v2\/types\/post"}],"author":[{"embeddable":true,"href":"https:\/\/pmioveni.ro\/index.php\/wp-json\/wp\/v2\/users\/1"}],"replies":[{"embeddable":true,"href":"https:\/\/pmioveni.ro\/index.php\/wp-json\/wp\/v2\/comments?post=482"}],"version-history":[{"count":1,"href":"https:\/\/pmioveni.ro\/index.php\/wp-json\/wp\/v2\/posts\/482\/revisions"}],"predecessor-version":[{"id":484,"href":"https:\/\/pmioveni.ro\/index.php\/wp-json\/wp\/v2\/posts\/482\/revisions\/484"}],"wp:featuredmedia":[{"embeddable":true,"href":"https:\/\/pmioveni.ro\/index.php\/wp-json\/wp\/v2\/media\/483"}],"wp:attachment":[{"href":"https:\/\/pmioveni.ro\/index.php\/wp-json\/wp\/v2\/media?parent=482"}],"wp:term":[{"taxonomy":"category","embeddable":true,"href":"https:\/\/pmioveni.ro\/index.php\/wp-json\/wp\/v2\/categories?post=482"},{"taxonomy":"post_tag","embeddable":true,"href":"https:\/\/pmioveni.ro\/index.php\/wp-json\/wp\/v2\/tags?post=482"}],"curies":[{"name":"wp","href":"https:\/\/api.w.org\/{rel}","templated":true}]}}