{"id":50,"date":"2022-07-04T23:57:27","date_gmt":"2022-07-04T23:57:27","guid":{"rendered":"https:\/\/pmioveni.ro\/?p=50"},"modified":"2022-07-04T23:57:27","modified_gmt":"2022-07-04T23:57:27","slug":"diminuarea-deconturilor-de-rata-pentru-creditul-ipotecar-imobiliar-al-politistilor-de-penitenciare","status":"publish","type":"post","link":"https:\/\/pmioveni.ro\/index.php\/2022\/07\/04\/diminuarea-deconturilor-de-rata-pentru-creditul-ipotecar-imobiliar-al-politistilor-de-penitenciare\/","title":{"rendered":"Diminuarea deconturilor de rat\u0103 pentru creditul ipotecar\/imobiliar al poli\u021bi\u0219tilor de penitenciare"},"content":{"rendered":"\n<p>S\u0103 nu ne pierdem \u00een legisla\u021bie, pe scurt, Legea nr. 145\/2019 a introdus&nbsp;<em>o variant\u0103 alternativ\u0103 a dreptului la compensarea chiriei<\/em>, respectiv decontarea ratei aferent\u0103 unui credit ipotecar\/imobiliar.<\/p>\n\n\n\n<p>Cu ocazia public\u0103rii OMJ 482\/c\/2020,&nbsp;<em>s-a dat verde la achizi<\/em><em>\u021b<\/em><em>ii<\/em>, fapt ce a condus la diferite situa\u021bii ce au fost necesare a fi interpretate de juri\u0219tii unit\u0103\u021bilor penitenciare.<\/p>\n\n\n\n<p>Cea mai contestat\u0103 situa\u021bie \u0219i judecat\u0103, dup\u0103 \u00eens\u0103\u0219i achizi\u021bia \u00een sine,&nbsp;<strong><em>a fost interpretarea termenului locuin<\/em><\/strong><strong><em>\u021b\u0103<\/em><\/strong><strong><em>, f<\/em><\/strong><strong><em>\u0103<\/em><\/strong><strong><em>r<\/em><\/strong><strong><em>\u0103<\/em><\/strong><strong><em>p<\/em><\/strong><strong><em>\u0103<\/em><\/strong><strong><em>m<\/em><\/strong><strong><em>\u00e2<\/em><\/strong><strong><em>ntul din curte&nbsp;<\/em><\/strong><strong><em>\u0219i f\u0103r\u0103 anexe, dependin\u021be sau facilit\u0103\u021bi<\/em><\/strong><strong><em>.<\/em><\/strong><\/p>\n\n\n\n<p>Pentru a \u00een\u021belege exact logica, consider c\u0103 e nevoie s\u0103 facem&nbsp;<strong><em>un&nbsp;<\/em><\/strong><strong><em>mic exe<\/em><\/strong><strong><em>rci\u021biu&nbsp;<\/em><\/strong><strong><em>de imagina<\/em><\/strong><strong><em>\u021b<\/em><\/strong><strong><em>ie.<\/em><\/strong><\/p>\n\n\n\n<p><em>Telecomunica<\/em><em>\u021b<\/em><em>iile prin care se realizeaz<\/em><em>\u0103<\/em><em>&nbsp;convorbiri telefonice la distan<\/em><em>\u021b\u0103<\/em><em>&nbsp;prin mijlocirea undelor electromagnetice programate reprezint<\/em><em>\u0103<\/em><em>&nbsp;telefonul mobil. Doar c<\/em><em>\u0103<\/em><em>, telefonul mobil face mai multe lucruri interesante. De exemplu, prin intermediul c<\/em><em>\u0103\u0219<\/em><em>tilor po<\/em><em>\u021b<\/em><em>i asculta muzic<\/em><em>\u0103<\/em><em>, ceea ce&nbsp;<\/em><em>\u00ee<\/em><em>l transform<\/em><em>\u0103<\/em><em>&nbsp;<\/em><em>\u00ee<\/em><em>ntr-un aparat de reproducere&nbsp;<\/em><em>\u0219<\/em><em>i&nbsp;<\/em><em>\u00ee<\/em><em>nregistrare a sunetelor. Prin urmare,&nbsp;<\/em><em>\u00ee<\/em><em>n eventualitatea decont<\/em><em>\u0103<\/em><em>rii unui telefon, e necesar<\/em><em>\u0103<\/em><em>&nbsp;detalierea, cu ajutorul unui evaluator specializat, a sumei ce se cuvine din valoarea total<\/em><em>\u0103<\/em><em>&nbsp;a bunului mobil pentru func<\/em><em>\u021b<\/em><em>ia de ini<\/em><em>\u021b<\/em><em>iere&nbsp;<\/em><em>\u0219<\/em><em>i recep<\/em><em>\u021b<\/em><em>ionare a apelurilor telefonice.<\/em><\/p>\n\n\n\n<p>A\u0219 merge cu discu\u021bia \u0219i spre zona drepturilor reale imobiliare \u0219i regulile de \u00eenscriere \u00een cartea funciar\u0103 a drepturilor tabulare, dar v\u0103 propun s\u0103 analiz\u0103m la nivelul ra\u021biunii legii penitenciariste ce, evident, poate concura la Premiul Nobel.<\/p>\n\n\n\n<p><strong><em>\u00ce<\/em><\/strong><strong><em>n baza OMJ 476\/c\/2021<\/em><\/strong>, pentru personalul deja beneficiar al ratei lunare, unit\u0103\u021bile angajatoare erau obligate&nbsp;<strong><em>s<\/em><\/strong><strong><em>\u0103<\/em><\/strong><strong><em>reanalizeze situa<\/em><\/strong><strong><em>\u021b<\/em><\/strong><strong><em>ia acestora<\/em><\/strong>, \u00een raport cu noile documente, \u00eentr-un termen de 30 de zile calendaristice.<\/p>\n\n\n\n<p>\u00cen ideea de baz\u0103, sistemul penitenciar s-a raportat \u00een analiz\u0103 la&nbsp;<strong><em>o interpretare<\/em><\/strong>&nbsp;a termenului locuin\u021b\u0103,&nbsp;<strong><em>a<\/em><\/strong><strong><em>\u0219<\/em><\/strong><strong><em>a cum a crezut ea c<\/em><\/strong><strong><em>\u0103<\/em><\/strong><strong><em>&nbsp;<\/em><\/strong><strong><em>\u00ee<\/em><\/strong><strong><em>i este favorabil.<\/em><\/strong><\/p>\n\n\n\n<p>Doar c\u0103, vede\u021bi dumneavoastr\u0103, sistemul a devenit at\u00e2t de expert la aranjarea cuvintelor \u00een pagin\u0103 \u0219i&nbsp;<em>bulversarea total<\/em><em>\u0103<\/em><em>&nbsp;a celui ce cite<\/em><em>\u0219<\/em><em>te de, uneori, nu&nbsp;<\/em><em>\u0219<\/em><em>tii de unde s<\/em><em>\u0103<\/em><em>&nbsp;apuci problema elementar<\/em><em>\u0103<\/em><em>&nbsp;<\/em><em>pentru a o explica.<\/em><\/p>\n\n\n\n<p>Sistemul penitenciar, sim\u021bind nevoia inova\u021biei, analogiei \u0219i deduc\u021biei juridice,&nbsp;<strong><em><u>a atribuit termenului de locuin<\/u><\/em><\/strong><strong><em><u>\u021b\u0103<\/u><\/em><\/strong><strong><em><u>&nbsp;<\/u><\/em><\/strong><strong><em><u>\u00ee<\/u><\/em><\/strong><strong><em><u>n<\/u><\/em><\/strong><strong><em><u>\u021b<\/u><\/em><\/strong><strong><em><u>elesul restr<\/u><\/em><\/strong><strong><em><u>\u00e2<\/u><\/em><\/strong><strong><em><u>ns, respectiv casa&nbsp;<\/u><\/em><\/strong><strong><em><u>\u0219<\/u><\/em><\/strong><strong><em><u>i terenul de sub cas<\/u><\/em><\/strong><strong><em><u>\u0103<\/u><\/em><\/strong><strong><em><u>.<\/u><\/em><\/strong><\/p>\n\n\n\n<p>Sincer, personal m\u0103 bucur c\u0103 a pus m\u0103car terenul de sub ea, astfel&nbsp;<em>am fi ajuns s<\/em><em>\u0103<\/em><em>&nbsp;cump<\/em><em>\u0103<\/em><em>ram case cu supor<\/em><em>\u021b<\/em><em>i de sus<\/em><em>\u021b<\/em><em>inere pe piloni sau, cine&nbsp;<\/em><em>\u0219<\/em><em>tie, o c<\/em><em>\u0103<\/em><em>su<\/em><em>\u021b\u0103<\/em><em>&nbsp;<\/em><em>\u00ee<\/em><em>n copac, mult mai cochet<\/em><em>\u0103<\/em><em>&nbsp;<\/em><em>\u0219<\/em><em>i mult mai luminoas<\/em><em>\u0103<\/em><em>.<\/em><\/p>\n\n\n\n<p>Ce nu \u0219tie sistemul, e c\u0103 deduc\u021bia lor, contrazice, pe de o parte, legea, iar pe de alt\u0103 parte, ra\u021biunea.<\/p>\n\n\n\n<p>\u00cen primul r\u00e2nd, vorbim despre credite ipotecare\/imobiliare, credite prin prima cas\u0103 \u0219i noua cas\u0103, adic\u0103 credite ce sunt reglementate deja de legi, care, ce s\u0103 vezi,&nbsp;<strong><em>au definit deja no<\/em><\/strong><strong><em>\u021b<\/em><\/strong><strong><em>iunea de locuin<\/em><\/strong><strong><em>\u021b\u0103<\/em><\/strong><strong><em>&nbsp;<\/em><\/strong><strong><em>\u00ee<\/em><\/strong><strong><em>n con<\/em><\/strong><strong><em>\u021b<\/em><\/strong><strong><em>inutul lor.<\/em><\/strong><\/p>\n\n\n\n<p><strong><em>Potrivit art. 1 pct. 1 din Ordonan<\/em><\/strong><strong><em>\u021b<\/em><\/strong><strong><em>a<\/em><\/strong><strong><em>&nbsp;nr. 60 din 03.06.2009<\/em><\/strong>&nbsp;privind m\u0103surile de implementare a programului:&nbsp;<strong><em>\u201d<\/em><\/strong><strong><em><u>Prin locuin<\/u><\/em><\/strong><strong><em><u>\u021b\u0103<\/u><\/em><\/strong><strong><em><u>&nbsp;<\/u><\/em><\/strong><strong><em><u>\u00ee<\/u><\/em><\/strong><strong><em><u>n sensul programului se&nbsp;<\/u><\/em><\/strong><strong><em><u>\u00ee<\/u><\/em><\/strong><strong><em><u>n<\/u><\/em><\/strong><strong><em><u>\u021b<\/u><\/em><\/strong><strong><em><u>elege orice imobil cu destina<\/u><\/em><\/strong><strong><em><u>\u021b<\/u><\/em><\/strong><strong><em><u>ia de locuin<\/u><\/em><\/strong><strong><em><u>\u021b\u0103<\/u><\/em><\/strong><strong><em><u>, alc<\/u><\/em><\/strong><strong><em><u>\u0103<\/u><\/em><\/strong><strong><em><u>tuit din una sau mai multe camere de locuit, cu terenul, c<\/u><\/em><\/strong><strong><em><u>\u0103<\/u><\/em><\/strong><strong><em><u>ile de acces, anexele gospod<\/u><\/em><\/strong><strong><em><u>\u0103<\/u><\/em><\/strong><strong><em><u>re<\/u><\/em><\/strong><strong><em><u>\u0219<\/u><\/em><\/strong><strong><em><u>ti, facilit<\/u><\/em><\/strong><strong><em><u>\u0103\u021b<\/u><\/em><\/strong><strong><em><u>ile, dependin<\/u><\/em><\/strong><strong><em><u>\u021b<\/u><\/em><\/strong><strong><em><u>ele, dot<\/u><\/em><\/strong><strong><em><u>\u0103<\/u><\/em><\/strong><strong><em><u>rile&nbsp;<\/u><\/em><\/strong><strong><em><u>\u0219<\/u><\/em><\/strong><strong><em><u>i utilit<\/u><\/em><\/strong><strong><em><u>\u0103\u021b<\/u><\/em><\/strong><strong><em><u>ile, aferente acesteia, care satisface cerin<\/u><\/em><\/strong><strong><em><u>\u021b<\/u><\/em><\/strong><strong><em><u>ele de locuit ale unei persoane sau familii.<\/u><\/em><\/strong><strong><em><u>\u201d<\/u><\/em><\/strong><\/p>\n\n\n\n<p>Exist\u0103 \u0219i o Ordonan\u021b\u0103 de urgen\u021b\u0103 emis\u0103 chiar \u00een anul 2020, care prin facilit\u0103\u021bile pentru creditele acordate de institu\u021biile de credit, \u00een con\u021binutul ei,&nbsp;<strong><em><u>define<\/u><\/em><\/strong><strong><em><u>\u0219te<\/u><\/em><\/strong><strong><em><u>&nbsp;ad-litteram termenul de locuin<\/u><\/em><\/strong><strong><em><u>\u021b\u0103<\/u><\/em><\/strong><strong><em><u>&nbsp;ca fiind imobilul cu destina<\/u><\/em><\/strong><strong><em><u>\u021b<\/u><\/em><\/strong><strong><em><u>ie de locuit, alc<\/u><\/em><\/strong><strong><em><u>\u0103<\/u><\/em><\/strong><strong><em><u>tuit din una sau mai multe camere de locuit, cu terenul, c<\/u><\/em><\/strong><strong><em><u>\u0103<\/u><\/em><\/strong><strong><em><u>ile de acces, anexele gospod<\/u><\/em><\/strong><strong><em><u>\u0103<\/u><\/em><\/strong><strong><em><u>re<\/u><\/em><\/strong><strong><em><u>\u0219<\/u><\/em><\/strong><strong><em><u>ti, facilit<\/u><\/em><\/strong><strong><em><u>\u0103\u021b<\/u><\/em><\/strong><strong><em><u>ile, dependin<\/u><\/em><\/strong><strong><em><u>\u021b<\/u><\/em><\/strong><strong><em><u>ele, dot<\/u><\/em><\/strong><strong><em><u>\u0103<\/u><\/em><\/strong><strong><em><u>rile&nbsp;<\/u><\/em><\/strong><strong><em><u>\u0219<\/u><\/em><\/strong><strong><em><u>i utilit<\/u><\/em><\/strong><strong><em><u>\u0103\u021b<\/u><\/em><\/strong><strong><em><u>ile, aferente acesteia, care satisface cerin<\/u><\/em><\/strong><strong><em><u>\u021b<\/u><\/em><\/strong><strong><em><u>ele de locuit ale unei persoane sau familii.<\/u><\/em><\/strong><\/p>\n\n\n\n<p>Nu mai intru \u00een discu\u021bii despre&nbsp;<strong><em><u>imposibilitatea retroactiv\u0103rii legii civile \u0219i efectele deja produse ale unui act administrativ ce e intrat \u00een circuitul civil<\/u><\/em><\/strong>, dar, oricum, probabil c\u0103 viitorul \u00eemi va arata dac\u0103 m-am \u00een\u0219elat.<\/p>\n\n\n\n<p><em>R\u0103bdare \u0219i entuziasm&#8230;<\/em><\/p>\n","protected":false},"excerpt":{"rendered":"<p>S\u0103 nu ne pierdem \u00een legisla\u021bie, pe scurt, Legea nr. 145\/2019 a introdus&nbsp;o variant\u0103 alternativ\u0103 a dreptului la compensarea chiriei, respectiv decontarea ratei aferent\u0103 unui credit ipotecar\/imobiliar. Cu ocazia public\u0103rii OMJ 482\/c\/2020,&nbsp;s-a dat verde la achizi\u021bii, fapt ce a condus la diferite situa\u021bii ce au fost necesare a fi interpretate de juri\u0219tii unit\u0103\u021bilor penitenciare. Cea [&hellip;]<\/p>\n","protected":false},"author":1,"featured_media":0,"comment_status":"open","ping_status":"open","sticky":false,"template":"","format":"standard","meta":{"_jetpack_memberships_contains_paid_content":false,"footnotes":"","jetpack_publicize_message":"","jetpack_publicize_feature_enabled":true,"jetpack_social_post_already_shared":false,"jetpack_social_options":{"image_generator_settings":{"template":"highway","enabled":false},"version":2}},"categories":[1],"tags":[],"class_list":["post-50","post","type-post","status-publish","format-standard","hentry","category-penitenciare"],"jetpack_publicize_connections":[],"jetpack_featured_media_url":"","jetpack_sharing_enabled":true,"_links":{"self":[{"href":"https:\/\/pmioveni.ro\/index.php\/wp-json\/wp\/v2\/posts\/50","targetHints":{"allow":["GET"]}}],"collection":[{"href":"https:\/\/pmioveni.ro\/index.php\/wp-json\/wp\/v2\/posts"}],"about":[{"href":"https:\/\/pmioveni.ro\/index.php\/wp-json\/wp\/v2\/types\/post"}],"author":[{"embeddable":true,"href":"https:\/\/pmioveni.ro\/index.php\/wp-json\/wp\/v2\/users\/1"}],"replies":[{"embeddable":true,"href":"https:\/\/pmioveni.ro\/index.php\/wp-json\/wp\/v2\/comments?post=50"}],"version-history":[{"count":1,"href":"https:\/\/pmioveni.ro\/index.php\/wp-json\/wp\/v2\/posts\/50\/revisions"}],"predecessor-version":[{"id":51,"href":"https:\/\/pmioveni.ro\/index.php\/wp-json\/wp\/v2\/posts\/50\/revisions\/51"}],"wp:attachment":[{"href":"https:\/\/pmioveni.ro\/index.php\/wp-json\/wp\/v2\/media?parent=50"}],"wp:term":[{"taxonomy":"category","embeddable":true,"href":"https:\/\/pmioveni.ro\/index.php\/wp-json\/wp\/v2\/categories?post=50"},{"taxonomy":"post_tag","embeddable":true,"href":"https:\/\/pmioveni.ro\/index.php\/wp-json\/wp\/v2\/tags?post=50"}],"curies":[{"name":"wp","href":"https:\/\/api.w.org\/{rel}","templated":true}]}}