{"id":54,"date":"2022-07-04T23:58:48","date_gmt":"2022-07-04T23:58:48","guid":{"rendered":"https:\/\/pmioveni.ro\/?p=54"},"modified":"2022-07-04T23:58:48","modified_gmt":"2022-07-04T23:58:48","slug":"sistemul-penitenciar-ratiuni-juridice-si-daune-morale","status":"publish","type":"post","link":"https:\/\/pmioveni.ro\/index.php\/2022\/07\/04\/sistemul-penitenciar-ratiuni-juridice-si-daune-morale\/","title":{"rendered":"Sistemul penitenciar, ra\u021biuni juridice \u0219i daune morale"},"content":{"rendered":"\n<p><em>Ultima perioada a venit \u00een sus\u021binere cu ceva mai multe p\u0103reri din partea oamenilor, iar pentru c\u0103 eu consider c\u0103 \u00een fiecare rom\u00e2n st\u0103 un Hipocrate mai mic \u0219i un Dongoroz mai mare \u0219i \u021bin\u00e2nd cont de faptul c\u0103 \u0219i mie \u00eemi curge prin vene acela\u0219i s\u00e2nge, emit prezenta p\u0103rere:<\/em><\/p>\n\n\n\n<p><em>Av\u00e2nd \u00een vedere c\u0103 perioada pandemic\u0103 a n\u0103scut \u00een fiecare cuno\u0219tin\u021be juridice \u0219i, mai mult, \u00een unii a reu\u0219it s\u0103 genereze induc\u021bii, deduc\u021bii \u0219i procedee logice ce sunt demne de memorat ve\u0219nic,<\/em><\/p>\n\n\n\n<p><em>Prin trimitere la faptul c\u0103, parc\u0103 \u0219i v\u0103d cum st\u0103 Dongoroz \u00een Rai la un pahar de zmeurat\u0103 \u00eempreun\u0103 cu Iorgovan, iar pe fundal ascult\u0103 c\u00e2ntece din vremea Himerei, povestind unul altuia despre genera\u021biile trecute, viitoare \u0219i prezente,<\/em><\/p>\n\n\n\n<p><em>\u00cen acest sens, a\u0219a cum noi mai buton\u0103m televizorul, sunt convins c\u0103 \u0219i ei mai arunc\u0103 o privire pe un ecran mare, unde sunt prezentate p\u0103rerile juridice majoritar acceptate \u0219i, din plictiseal\u0103, citesc articolele juridice publicate prin presa actual\u0103.<\/em><\/p>\n\n\n\n<p><em>\u0218i, mai suntem convin\u0219i c\u0103, sunt m\u00e2ndri de faptul c\u0103 to\u021bi rom\u00e2nii, dar absolut to\u021bi,&nbsp;<strong>au auzit de termenele discriminare, abuz \u0219i bine-cunoscuta expresie rom\u00e2neasc\u0103: Nu e legal a\u0219a ceva!!<\/strong><\/em><\/p>\n\n\n\n<p><em>Ce credem noi \u00een schimb, e c\u0103 le lipse\u0219te ceva pentru finalizare, parc\u0103 au pu\u021bine no\u021biuni \u00een ceea ce prive\u0219te contenciosul administrativ \u0219i cred c\u0103 de-aia, de foarte multe ori, totul se sf\u00e2r\u0219e\u0219te doar la prezentarea opiniilor \u00een medii de socializare.<\/em><\/p>\n\n\n\n<p><em>Noi, sistemul penitenciar, am avut grija de resursa noastr\u0103 avut\u0103 \u00een custodie \u0219i, pentru asta, am investit \u00een dezvoltarea culturii peti\u021bionare \u0219i dob\u00e2ndirea cuno\u0219tin\u021belor juridice prin programele de Educa\u021bie Juridic\u0103.<\/em><\/p>\n\n\n\n<p><em>Cum fiecare investi\u021bie are partea ei de profit, \u0219ef de promo\u021bie \u0219i absolvent al cursului, \u00eel avem pe domnul&nbsp;<strong>de\u021binut Pavel, care mai acum c\u00e2\u021biva ani\u0219ori a ac\u021bionat \u00een instan\u021b\u0103 pe Dumnezeu pentru \u00eenc\u0103lcarea prevederilor din contractul de botez.<\/strong><\/em><\/p>\n\n\n\n<p><em>Conform domnului de\u021binut, botezul s\u0103u constituie&nbsp;<strong>un acord cu Dumnezeu&nbsp;<\/strong>prin care, \u00een schimbul rug\u0103ciunilor, acesta din urm\u0103&nbsp;<strong>se oblig\u0103 s\u0103-l \u021bin\u0103 pe reclamant departe de rele.<\/strong><\/em><\/p>\n\n\n\n<p><em>Nu \u0219tiu cum pare pentru unii, dar pentru noi e teribil de amuzant, mai ales c\u00e2nd vezi c\u0103&nbsp;<strong>elevii din promo\u021bie exceleaz\u0103 \u0219i inoveaz\u0103 \u00een ra\u021biuni juridice.<\/strong><\/em><\/p>\n\n\n\n<p><em>Uneori stau \u0219i m\u0103 g\u00e2ndesc dac\u0103 sistemul ar fi avut si alte programe juridice, ceva despre procedura regulariz\u0103rii, despre procedura de citare \u0219i comunicare a actelor de procedur\u0103, unde oare ar fi putut ajunge totul&#8230;<\/em><\/p>\n\n\n\n<p><em><strong>Din p\u0103cate, cazul a fost clasat pe P\u0103m\u00e2nt, urm\u00e2nd s\u0103 fie redeschis prin revizuire la \u00cemp\u0103r\u0103\u021bia Cerurilor.<\/strong><\/em><\/p>\n\n\n\n<p><em>Pe c\u00e2t de amuzant, pe at\u00e2t de tragic.<\/em><\/p>\n\n\n\n<p><em>Cazul prezentat mai sus nu e singurul din zonele noastre, ele vin \u00eenso\u021bite de multe \u0219i multe altele. E mai grav faptul c\u0103&nbsp;<strong>statul cheltuie bani, timp \u0219i resurse<\/strong>&nbsp;pentru pl\u00e2ngerile depuse de de\u021binu\u021bi.<\/em><\/p>\n\n\n\n<p><em>\u0218i, mai nou,&nbsp;<strong>v\u0103z\u00e2nd c\u0103 Dumnezeu nu vrea s\u0103 se prezinte la termenele de judecat\u0103, persoanele private de libertate stabilesc \u021binte cu care interac\u021bioneaz\u0103.<\/strong><\/em><\/p>\n\n\n\n<p><em>Cum mediul penitenciar e unul \u00eenchis, iar stabilirea unei \u021binte trebuie s\u0103 fie una pentru care \u0219icanarea prezent\u0103rii \u0219i cit\u0103rii \u00eei poate aduce un sentiment de nelini\u0219te, procedeaz\u0103 la alegerea unui angajat din sistemul penitenciar.<\/em><\/p>\n\n\n\n<p><em>Cum persoana cu care interac\u021bioneaz\u0103 \u00een mod frecvent este&nbsp;<strong>supraveghetorul,<\/strong>&nbsp;atunci el reprezint\u0103 prima \u021bint\u0103 \u00een lan\u021bul dela\u021biunii organizate.<\/em><\/p>\n\n\n\n<p><em>Persoanele private de libertate au prins o mare sl\u0103biciune a sistemului \u0219i procedeaz\u0103 mereu la fel. Solicit\u0103 prezen\u021ba unui ofi\u021ber, iar atunci afirm\u0103 c\u0103 a fost agresat fizic de c\u0103tre agentul supraveghetor.&nbsp;<\/em><\/p>\n\n\n\n<p><em>\u00cen situa\u021bia \u00een care deja persoana privata de libertate are aspira\u021biile unei dela\u021biuni superioare, procedeaz\u0103 la formularea unei peti\u021bii prin care afirm\u0103 c\u0103 a fost agresat de x, y sau z.<\/em><\/p>\n\n\n\n<p><em>Ce face sistemul, evident,&nbsp;<strong>f\u0103r\u0103 nicio cercetare sau m\u0103car un minim de alte probe necesare<\/strong>&nbsp;\u00een sus\u021binerea celor relatate de de\u021binut, procedeaz\u0103 la prezentarea de\u021binutului la cabinetul medical, la camera de gard\u0103 a spitalului, iar mai apoi, la serviciul de medicin\u0103 legal\u0103.<\/em><\/p>\n\n\n\n<p><em>Dup\u0103 ce face acest mecanism rotativ interminabil, indiferent de rezultatele consemnate, unitatea formuleaz\u0103 pl\u00e2ngere penal\u0103, citez: in rem.<\/em><\/p>\n\n\n\n<p><em>\u00centr-o opinie personal\u0103, logica penitenciarelor&nbsp;<strong>e absolut ira\u021bional\u0103, iar sistemul parc\u0103 \u00eencurajeaz\u0103 \u0219icanarea.<\/strong><\/em><\/p>\n\n\n\n<p><em>Nu am v\u0103zut sau poate cunoa\u0219tem prea pu\u021bine, s\u0103 se formuleze o pl\u00e2ngere din partea sistemului, in rem (\u0219ic!),&nbsp; m\u0103car dup\u0103 clasarea dosarului \u00eenaintat de de\u021binut, pentru&nbsp;<strong>inducerea \u00een eroare a organelor de urm\u0103rire penal\u0103.<\/strong><\/em><\/p>\n\n\n\n<p><em>Sau, dac\u0103 nu e prea mult,&nbsp;<strong>o cercetare administrativ\u0103 pentru recuperarea cheltuielilor survenite&nbsp;<\/strong>pentru deplas\u0103rile pe la cabinete medicale, spitale, resursa uman\u0103 angrenat\u0103 \u0219i timpul consumat.<\/em><\/p>\n\n\n\n<p><em>Am plecat de la P\u0103rintele Constitu\u021biei Rom\u00e2niei \u0219i de la m\u00e2ndria lui Vintil\u0103 Dongoroz pentru noi, cu g\u00e2ndul c\u0103 strecor c\u00e2teva idei ale sistemului penitenciar \u00een vremea lui COVID 19, \u00een variantele atenuate \u0219i agravate, cu prezentarea planului de m\u0103suri ce urmeaz\u0103 s\u0103 se implementeze \u00een sistemul penitenciar \u0219i am ajuns s\u0103 scriu despre o metod\u0103 folosit\u0103 abuziv de persoanele private de libertate, dar o s\u0103 revin cu p\u0103rerea dup\u0103 aprobarea noilor m\u0103suri.<\/em><\/p>\n\n\n\n<p><em>O regul\u0103 general valabil\u0103 se aplic\u0103 tuturor celor care cred c\u0103 de\u021bin adev\u0103rul absolut: Nimeni nu de\u021bine adev\u0103rul absolut \u0219i dac\u0103 l-ar de\u021bine, la ce i-ar folosi?<\/em><\/p>\n\n\n\n<p><em>Entuziasm si r\u0103bdare&#8230;<\/em><\/p>\n","protected":false},"excerpt":{"rendered":"<p>Ultima perioada a venit \u00een sus\u021binere cu ceva mai multe p\u0103reri din partea oamenilor, iar pentru c\u0103 eu consider c\u0103 \u00een fiecare rom\u00e2n st\u0103 un Hipocrate mai mic \u0219i un Dongoroz mai mare \u0219i \u021bin\u00e2nd cont de faptul c\u0103 \u0219i mie \u00eemi curge prin vene acela\u0219i s\u00e2nge, emit prezenta p\u0103rere: Av\u00e2nd \u00een vedere c\u0103 perioada [&hellip;]<\/p>\n","protected":false},"author":1,"featured_media":55,"comment_status":"open","ping_status":"open","sticky":false,"template":"","format":"standard","meta":{"_jetpack_memberships_contains_paid_content":false,"footnotes":"","jetpack_publicize_message":"","jetpack_publicize_feature_enabled":true,"jetpack_social_post_already_shared":false,"jetpack_social_options":{"image_generator_settings":{"template":"highway","enabled":false},"version":2}},"categories":[1],"tags":[],"class_list":["post-54","post","type-post","status-publish","format-standard","has-post-thumbnail","hentry","category-penitenciare"],"jetpack_publicize_connections":[],"jetpack_featured_media_url":"https:\/\/pmioveni.ro\/wp-content\/uploads\/2022\/07\/Captura-de-ecran-din-2022-07-05-la-02.53.28.png","jetpack_sharing_enabled":true,"_links":{"self":[{"href":"https:\/\/pmioveni.ro\/index.php\/wp-json\/wp\/v2\/posts\/54","targetHints":{"allow":["GET"]}}],"collection":[{"href":"https:\/\/pmioveni.ro\/index.php\/wp-json\/wp\/v2\/posts"}],"about":[{"href":"https:\/\/pmioveni.ro\/index.php\/wp-json\/wp\/v2\/types\/post"}],"author":[{"embeddable":true,"href":"https:\/\/pmioveni.ro\/index.php\/wp-json\/wp\/v2\/users\/1"}],"replies":[{"embeddable":true,"href":"https:\/\/pmioveni.ro\/index.php\/wp-json\/wp\/v2\/comments?post=54"}],"version-history":[{"count":1,"href":"https:\/\/pmioveni.ro\/index.php\/wp-json\/wp\/v2\/posts\/54\/revisions"}],"predecessor-version":[{"id":56,"href":"https:\/\/pmioveni.ro\/index.php\/wp-json\/wp\/v2\/posts\/54\/revisions\/56"}],"wp:featuredmedia":[{"embeddable":true,"href":"https:\/\/pmioveni.ro\/index.php\/wp-json\/wp\/v2\/media\/55"}],"wp:attachment":[{"href":"https:\/\/pmioveni.ro\/index.php\/wp-json\/wp\/v2\/media?parent=54"}],"wp:term":[{"taxonomy":"category","embeddable":true,"href":"https:\/\/pmioveni.ro\/index.php\/wp-json\/wp\/v2\/categories?post=54"},{"taxonomy":"post_tag","embeddable":true,"href":"https:\/\/pmioveni.ro\/index.php\/wp-json\/wp\/v2\/tags?post=54"}],"curies":[{"name":"wp","href":"https:\/\/api.w.org\/{rel}","templated":true}]}}